{"id":9543,"date":"2021-07-13T08:00:09","date_gmt":"2021-07-13T11:00:09","guid":{"rendered":"https:\/\/nfe.io\/blog\/?p=9543"},"modified":"2021-12-27T01:50:42","modified_gmt":"2021-12-27T03:50:42","slug":"proatividade-no-trabalho","status":"publish","type":"post","link":"https:\/\/nfe.io\/blog\/gestao-empresarial\/proatividade-no-trabalho\/","title":{"rendered":"Proatividade no trabalho: por que \u00e9 importante e como promover? 7 dicas!"},"content":{"rendered":"<p><span style=\"font-weight: 400;\">Sabemos que ser dono do pr\u00f3prio neg\u00f3cio n\u00e3o \u00e9 uma tarefa f\u00e1cil. Por\u00e9m, isso pode se tornar bem mais simples se voc\u00ea puder contar com uma boa equipe, composta por profissionais qualificados, engajados e tamb\u00e9m proativos.<\/span><\/p>\n<p><span style=\"font-weight: 400;\">A proatividade no trabalho pode ser definida como a <\/span><b>capacidade de identificar um problema e agir de modo a solucion\u00e1-lo, sem que para isso seja preciso aguardar a ordem ou a autoriza\u00e7\u00e3o de outra pessoa.<\/b><\/p>\n<p><span style=\"font-weight: 400;\">Em outras palavras, consiste em assumir responsabilidades, atuar de forma ativa e ir al\u00e9m do que \u00e9 esperado da sua fun\u00e7\u00e3o.<\/span><\/p>\n<p><span style=\"font-weight: 400;\">Como exemplos de proatividade no trabalho podemos citar aquele colaborador que percebe um <\/span><a href=\"https:\/\/nfe.io\/blog\/gestao-empresarial\/evitar-erros-operacionais\/\" target=\"_blank\" rel=\"noopener\"><span style=\"font-weight: 400;\">erro operacional<\/span><\/a><span style=\"font-weight: 400;\"> na empresa, como o atraso na entrega de um produto, e entra em contato com a transportadora para verificar o motivo, sem que o seu superior precise pedir que fa\u00e7a isso.<\/span><\/p>\n<p><span style=\"font-weight: 400;\">Ou ainda, o funcion\u00e1rio que identifica uma falha no <\/span><a href=\"https:\/\/nfe.io\/blog\/nota-fiscal\/recebimento-fiscal\/\" target=\"_blank\" rel=\"noopener\"><span style=\"font-weight: 400;\">recebimento de nota fiscal<\/span><\/a><span style=\"font-weight: 400;\"> e, antes mesmo de comunicar a sua chefia imediata, contata o emissor do documento para resolver o problema.<\/span><\/p>\n<p><span style=\"font-weight: 400;\">Ou seja, saber como ser proativo \u00e9 uma maneira de <\/span><b>ajudar a empresa a alcan\u00e7ar mais e melhores resultados<\/b><span style=\"font-weight: 400;\">, independentemente da sua posi\u00e7\u00e3o no neg\u00f3cio.\u00a0<\/span><\/p>\n<p><span style=\"font-weight: 400;\">Al\u00e9m disso, essa postura tamb\u00e9m tem tudo para contribuir para a melhora do clima organizacional e para incentivar a colabora\u00e7\u00e3o m\u00fatua.<\/span><\/p>\n<p><span style=\"font-weight: 400;\">Como voc\u00ea, enquanto empreendedor, pode ser mais proativo e, principalmente, fomentar a proatividade no trabalho do seu time?\u00a0<\/span><\/p>\n<p><span style=\"font-weight: 400;\">Confira 7 dicas agora!<\/span><\/p>\n<h2>A import\u00e2ncia da proatividade na sua empresa<\/h2>\n<p><span style=\"font-weight: 400;\">Do ponto de vista dos funcion\u00e1rios, a proatividade no trabalho \u00e9 uma qualidade bem importante para a evolu\u00e7\u00e3o de suas carreiras, al\u00e9m de ser bastante desejada pelas empresas e vista como um diferencial de crescimento profissional.<\/span><\/p>\n<p><span style=\"font-weight: 400;\">Pessoas que atuam dessa forma tendem a ser mais comprometidas com o trabalho. Podemos dizer, inclusive, que s\u00e3o aquelas que realmente \u201cvestem a camisa da empresa\u201d.<\/span><\/p>\n<p><span style=\"font-weight: 400;\">De modo geral, o perfil de um profissional que apresenta proatividade no trabalho \u00e9 de algu\u00e9m que pensa no futuro \u2014 no seu, no do neg\u00f3cio e no dos seus colegas.<\/span><\/p>\n<p><span style=\"font-weight: 400;\">Somada a essa caracter\u00edstica, uma pessoa proativa tem uma boa capacidade de observa\u00e7\u00e3o, de identifica\u00e7\u00e3o de problemas, de planejamento, de tomada de iniciativa e, tamb\u00e9m, de confian\u00e7a no seu trabalho.<\/span><\/p>\n<p><span style=\"font-weight: 400;\">Com base nessa explica\u00e7\u00e3o voc\u00ea deve estar imaginando que ser proativo \u00e9 um \u201cdom natural de cada pessoa\u201d. Em uma vis\u00e3o amplificada, pode at\u00e9 ser. Mas enquanto gestor, tamb\u00e9m \u00e9 seu papel incentivar os seus colaboradores a atuarem dessa maneira. \u00c9 preciso criar um ambiente de trabalho com <a href=\"https:\/\/orienteme.com.br\/blog\/seguranca-psicologica\/\" target=\"_blank\" rel=\"noopener\">seguran\u00e7a psicol\u00f3gica<\/a>.<\/span><\/p>\n<p style=\"text-align: center;\"><iframe loading=\"lazy\" title=\"YouTube video player\" src=\"https:\/\/www.youtube.com\/embed\/g1DokXNL_rs\" width=\"560\" height=\"315\" frameborder=\"0\" allowfullscreen=\"allowfullscreen\"><\/iframe><\/p>\n<p>&nbsp;<\/p>\n<p><span style=\"font-weight: 400;\">O motivo \u00e9 que a proatividade no trabalho traz benef\u00edcios para todos os envolvidos. Como dissemos no in\u00edcio deste artigo, atuar dessa forma <\/span><b>ajuda a empresa a conquistar mais resultados<\/b><span style=\"font-weight: 400;\">, o que pode melhorar a sua imagem e o seu faturamento.<\/span><\/p>\n<p><span style=\"font-weight: 400;\">N\u00e3o se pode deixar de citar tamb\u00e9m que pessoas com iniciativa contribuem para a <\/span><b>identifica\u00e7\u00e3o mais r\u00e1pida de problemas<\/b><span style=\"font-weight: 400;\">, trazendo solu\u00e7\u00f5es e evitando que eles se tornem ainda maiores.<\/span><\/p>\n<p><span style=\"font-weight: 400;\">Al\u00e9m disso, as iniciativas ajudam a <\/span><b>otimizar processos e a reduzir o tempo de execu\u00e7\u00e3o de variadas tarefas<\/b><span style=\"font-weight: 400;\">, uma vez que n\u00e3o \u00e9 preciso esperar que alguma chefia d\u00ea a ordem ou autorize a realiza\u00e7\u00e3o da atividade.<\/span><\/p>\n<p><span style=\"font-weight: 400;\">Com isso, <\/span><b>o dia a dia dos colaboradores se torna mais din\u00e2mico<\/b><span style=\"font-weight: 400;\">, eles conseguem <\/span><b>aumentar o n\u00edvel de <\/b><a href=\"https:\/\/digilandia.io\/home-office\/tecnicas-de-produtividade\/\" target=\"_blank\" rel=\"noopener\"><b>produtividade<\/b><\/a><span style=\"font-weight: 400;\"> e os <\/span><b>gestores t\u00eam mais tempo<\/b><span style=\"font-weight: 400;\"> para se dedicarem a tomadas de decis\u00e3o importantes para o crescimento da empresa.\u00a0<\/span><\/p>\n<p><span style=\"font-weight: 400;\">Dica de leitura: \u201c<\/span><a href=\"https:\/\/nfe.io\/blog\/gestao-empresarial\/produtividade-vendas-empresa-tecnologia\/\" target=\"_blank\" rel=\"noopener\"><span style=\"font-weight: 400;\">Entenda por que sem produtividade de vendas a sua empresa de tecnologia n\u00e3o d\u00e1 resultados<\/span><\/a><span style=\"font-weight: 400;\">\u201d<\/span><\/p>\n<h2>7 maneiras de fomentar a proatividade no trabalho<\/h2>\n<p><span style=\"font-weight: 400;\">Mas o que voc\u00ea pode fazer para fomentar a proatividade no trabalho dos seus colaboradores? As nossas dicas para isso s\u00e3o:<\/span><\/p>\n<ol>\n<li style=\"font-weight: 400;\" aria-level=\"1\"><span style=\"font-weight: 400;\">d\u00ea poder aos seus funcion\u00e1rios, mas defina os limites<\/span><\/li>\n<li style=\"font-weight: 400;\" aria-level=\"1\"><span style=\"font-weight: 400;\">incentive a ajuda m\u00fatua<\/span><\/li>\n<li style=\"font-weight: 400;\" aria-level=\"1\"><span style=\"font-weight: 400;\">respeite o perfil de cada profissional<\/span><\/li>\n<li style=\"font-weight: 400;\" aria-level=\"1\"><span style=\"font-weight: 400;\">valorize a forma de atua\u00e7\u00e3o individual<\/span><\/li>\n<li style=\"font-weight: 400;\" aria-level=\"1\"><span style=\"font-weight: 400;\">invista no aprimoramento dos colaboradores<\/span><\/li>\n<li style=\"font-weight: 400;\" aria-level=\"1\"><span style=\"font-weight: 400;\">destaque as conquistas, ainda que pequenas<\/span><\/li>\n<li style=\"font-weight: 400;\" aria-level=\"1\"><span style=\"font-weight: 400;\">torne a proatividade parte da cultura da sua empresa<\/span><\/li>\n<\/ol>\n<h3>1. D\u00ea poder aos seus funcion\u00e1rios, mas defina os limites<\/h3>\n<p><span style=\"font-weight: 400;\">Para que os seus funcion\u00e1rios sejam proativos, \u00e9 bem importante que eles saibam que podem tomar iniciativas, ainda que n\u00e3o tenham a sua aprova\u00e7\u00e3o direta em cada uma delas.<\/span><\/p>\n<p><span style=\"font-weight: 400;\">Isso quer dizer que voc\u00ea precisa dar a eles poder para tomarem certas decis\u00f5es, por\u00e9m, deixando claro at\u00e9 onde podem ir sem que isso afete o trabalho dos outros membros da equipe, ou mesmo comprometa a atua\u00e7\u00e3o e a imagem da empresa.<\/span><\/p>\n<h3>2. Incentive a ajuda m\u00fatua<\/h3>\n<p><span style=\"font-weight: 400;\">Um dos objetivos da proatividade no trabalho \u00e9 gerar resultados. Mas isso s\u00f3 \u00e9 poss\u00edvel de ser alcan\u00e7ado se v\u00e1rias pessoas tiverem o mesmo pensamento.\u00a0<\/span><\/p>\n<p><span style=\"font-weight: 400;\">Enquanto gestor, voc\u00ea deve incentivar a ajuda m\u00fatua, destacando que a colabora\u00e7\u00e3o de todos \u00e9 fundamental nesse processo.<\/span><\/p>\n<h3>3. Respeite o perfil de cada profissional<\/h3>\n<p><span style=\"font-weight: 400;\">\u00c9 bem comum que haja um profissional mais proativo que outro. Quanto a isso, \u00e9 preciso respeitar o perfil e as limita\u00e7\u00f5es de cada pessoa, n\u00e3o fazer compara\u00e7\u00f5es e nem esperar que todos tenham a mesma atitude frente a um problema.<\/span><\/p>\n<p><span style=\"font-weight: 400;\">Agir dessa forma pode desmotivar quem n\u00e3o se considera proativo, e at\u00e9 mesmo gerar antipatia por quem toma iniciativa sempre.<\/span><\/p>\n<h3>4. Valorize a forma de atua\u00e7\u00e3o individual<\/h3>\n<p><span style=\"font-weight: 400;\">Seguindo essa mesma linha de racioc\u00ednio, \u00e9 bem importante ter em mente que cada colaborador tem uma maneira de se portar, de se comprometer e de trabalhar.\u00a0<\/span><\/p>\n<p><span style=\"font-weight: 400;\">Por isso, se quiser fomentar a proatividade no trabalho, \u00e9 tamb\u00e9m bastante interessante valorizar a forma de atua\u00e7\u00e3o de cada um, pois isso ajuda a gerar mais motiva\u00e7\u00e3o.<\/span><\/p>\n<h3>5. Invista no aprimoramento dos colaboradores<\/h3>\n<p><span style=\"font-weight: 400;\">Geralmente, funcion\u00e1rios que tomam iniciativa s\u00e3o aqueles que se sentem mais seguros. Por isso, se quiser que essa postura, cada dia mais, fa\u00e7a parte do seu time, bons treinamentos e aprimoramento profissional s\u00f3 t\u00eam a ajudar.<\/span><\/p>\n<h3>6. Destaque as conquistas, ainda que pequenas<\/h3>\n<p><span style=\"font-weight: 400;\">Nos momentos de feedback, ressalte quanto a atitude do colaborador contribui para a empresa e para o trabalho dos outros profissionais. Ainda que seja um resultado pequeno, evidenci\u00e1-lo tamb\u00e9m \u00e9 uma maneira de motivar o funcion\u00e1rio a agir assim mais vezes.<\/span><\/p>\n<h3>7. Torne a proatividade parte da cultura da sua empresa<\/h3>\n<p><span style=\"font-weight: 400;\">Por fim, \u00e9 essencial que voc\u00ea torne a proatividade no trabalho parte da cultura da sua empresa. Assim, cada novo colaborador que chegar \u00e0 sua equipe, saber\u00e1 que atitudes assim s\u00e3o bem-vistas e esperadas.<\/span><\/p>\n<p><span style=\"font-weight: 400;\">E para melhorar ainda mais a sua atua\u00e7\u00e3o, n\u00e3o deixe de ler o artigo \u201c<\/span><a href=\"https:\/\/nfe.io\/blog\/gestao-empresarial\/como-ser-bom-gestor\/\" target=\"_blank\" rel=\"noopener\"><span style=\"font-weight: 400;\">Como ser um bom gestor: 7 boas pr\u00e1ticas que voc\u00ea precisa implementar agora<\/span><\/a><span style=\"font-weight: 400;\">\u201d<\/span><\/p>\n<p style=\"text-align: center;\">\n","protected":false},"excerpt":{"rendered":"<p>Sabemos que ser dono do pr\u00f3prio neg\u00f3cio n\u00e3o \u00e9 uma tarefa f\u00e1cil. Por\u00e9m, isso pode se tornar bem mais simples se voc\u00ea puder&#8230;<\/p>\n","protected":false},"author":2,"featured_media":9544,"comment_status":"open","ping_status":"closed","sticky":false,"template":"","format":"standard","meta":{"_acf_changed":false,"footnotes":""},"categories":[7],"tags":[],"class_list":["post-9543","post","type-post","status-publish","format-standard","has-post-thumbnail","hentry","category-gestao-empresarial"],"acf":[],"yoast_head":"<!-- This site is optimized with the Yoast SEO plugin v25.1 - https:\/\/yoast.com\/wordpress\/plugins\/seo\/ -->\n<title>O que \u00e9 proatividade no trabalho e como promover?<\/title>\n<meta name=\"description\" content=\"Proatividade no trabalho \u00e9 tomar atitudes sem precisar de ordens diretas para isso. Confira 7 dicas de como fomentar essa pr\u00e1tica\" \/>\n<meta name=\"robots\" content=\"index, follow, max-snippet:-1, max-image-preview:large, max-video-preview:-1\" \/>\n<link rel=\"canonical\" href=\"https:\/\/nfe.io\/blog\/gestao-empresarial\/proatividade-no-trabalho\/\" \/>\n<meta property=\"og:locale\" content=\"en_US\" \/>\n<meta property=\"og:type\" content=\"article\" \/>\n<meta property=\"og:title\" content=\"O que \u00e9 proatividade no trabalho e como promover?\" \/>\n<meta property=\"og:description\" content=\"Proatividade no trabalho \u00e9 tomar atitudes sem precisar de ordens diretas para isso. Confira 7 dicas de como fomentar essa pr\u00e1tica\" \/>\n<meta property=\"og:url\" content=\"https:\/\/nfe.io\/blog\/gestao-empresarial\/proatividade-no-trabalho\/\" \/>\n<meta property=\"og:site_name\" content=\"NFE.io Blog\" \/>\n<meta property=\"article:publisher\" content=\"https:\/\/www.facebook.com\/nfe.io\" \/>\n<meta property=\"article:author\" content=\"https:\/\/fb.com\/gblmarquez\" \/>\n<meta property=\"article:published_time\" content=\"2021-07-13T11:00:09+00:00\" \/>\n<meta property=\"article:modified_time\" content=\"2021-12-27T03:50:42+00:00\" \/>\n<meta property=\"og:image\" content=\"https:\/\/nfe.io\/blog\/app\/uploads\/2021\/06\/proatividade-no-trabalho.png\" \/>\n\t<meta property=\"og:image:width\" content=\"700\" \/>\n\t<meta property=\"og:image:height\" content=\"500\" \/>\n\t<meta property=\"og:image:type\" content=\"image\/png\" \/>\n<meta name=\"author\" content=\"Gabriel Marquez\" \/>\n<meta name=\"twitter:card\" content=\"summary_large_image\" \/>\n<meta name=\"twitter:creator\" content=\"@gblmarquez\" \/>\n<meta name=\"twitter:site\" content=\"@nfe_io\" \/>\n<meta name=\"twitter:label1\" content=\"Written by\" \/>\n\t<meta name=\"twitter:data1\" content=\"Gabriel Marquez\" \/>\n\t<meta name=\"twitter:label2\" content=\"Est. reading time\" \/>\n\t<meta name=\"twitter:data2\" content=\"5 minutes\" \/>\n<script type=\"application\/ld+json\" class=\"yoast-schema-graph\">{\"@context\":\"https:\/\/schema.org\",\"@graph\":[{\"@type\":\"Article\",\"@id\":\"https:\/\/nfe.io\/blog\/gestao-empresarial\/proatividade-no-trabalho\/#article\",\"isPartOf\":{\"@id\":\"https:\/\/nfe.io\/blog\/gestao-empresarial\/proatividade-no-trabalho\/\"},\"author\":{\"name\":\"Gabriel Marquez\",\"@id\":\"https:\/\/nfe.io\/blog\/#\/schema\/person\/5dba936eb6ef9ce2b7cd1bf6fb7aad11\"},\"headline\":\"Proatividade no trabalho: por que \u00e9 importante e como promover? 7 dicas!\",\"datePublished\":\"2021-07-13T11:00:09+00:00\",\"dateModified\":\"2021-12-27T03:50:42+00:00\",\"mainEntityOfPage\":{\"@id\":\"https:\/\/nfe.io\/blog\/gestao-empresarial\/proatividade-no-trabalho\/\"},\"wordCount\":1142,\"commentCount\":0,\"publisher\":{\"@id\":\"https:\/\/nfe.io\/blog\/#organization\"},\"image\":{\"@id\":\"https:\/\/nfe.io\/blog\/gestao-empresarial\/proatividade-no-trabalho\/#primaryimage\"},\"thumbnailUrl\":\"https:\/\/nfe.io\/blog\/app\/uploads\/2021\/06\/proatividade-no-trabalho.png\",\"articleSection\":[\"Gest\u00e3o Empresarial\"],\"inLanguage\":\"en-US\",\"potentialAction\":[{\"@type\":\"CommentAction\",\"name\":\"Comment\",\"target\":[\"https:\/\/nfe.io\/blog\/gestao-empresarial\/proatividade-no-trabalho\/#respond\"]}]},{\"@type\":\"WebPage\",\"@id\":\"https:\/\/nfe.io\/blog\/gestao-empresarial\/proatividade-no-trabalho\/\",\"url\":\"https:\/\/nfe.io\/blog\/gestao-empresarial\/proatividade-no-trabalho\/\",\"name\":\"O que \u00e9 proatividade no trabalho e como promover?\",\"isPartOf\":{\"@id\":\"https:\/\/nfe.io\/blog\/#website\"},\"primaryImageOfPage\":{\"@id\":\"https:\/\/nfe.io\/blog\/gestao-empresarial\/proatividade-no-trabalho\/#primaryimage\"},\"image\":{\"@id\":\"https:\/\/nfe.io\/blog\/gestao-empresarial\/proatividade-no-trabalho\/#primaryimage\"},\"thumbnailUrl\":\"https:\/\/nfe.io\/blog\/app\/uploads\/2021\/06\/proatividade-no-trabalho.png\",\"datePublished\":\"2021-07-13T11:00:09+00:00\",\"dateModified\":\"2021-12-27T03:50:42+00:00\",\"description\":\"Proatividade no trabalho \u00e9 tomar atitudes sem precisar de ordens diretas para isso. Confira 7 dicas de como fomentar essa pr\u00e1tica\",\"breadcrumb\":{\"@id\":\"https:\/\/nfe.io\/blog\/gestao-empresarial\/proatividade-no-trabalho\/#breadcrumb\"},\"inLanguage\":\"en-US\",\"potentialAction\":[{\"@type\":\"ReadAction\",\"target\":[\"https:\/\/nfe.io\/blog\/gestao-empresarial\/proatividade-no-trabalho\/\"]}]},{\"@type\":\"ImageObject\",\"inLanguage\":\"en-US\",\"@id\":\"https:\/\/nfe.io\/blog\/gestao-empresarial\/proatividade-no-trabalho\/#primaryimage\",\"url\":\"https:\/\/nfe.io\/blog\/app\/uploads\/2021\/06\/proatividade-no-trabalho.png\",\"contentUrl\":\"https:\/\/nfe.io\/blog\/app\/uploads\/2021\/06\/proatividade-no-trabalho.png\",\"width\":700,\"height\":500,\"caption\":\"proatividade no trabalho\"},{\"@type\":\"BreadcrumbList\",\"@id\":\"https:\/\/nfe.io\/blog\/gestao-empresarial\/proatividade-no-trabalho\/#breadcrumb\",\"itemListElement\":[{\"@type\":\"ListItem\",\"position\":1,\"name\":\"Home\",\"item\":\"https:\/\/nfe.io\/blog\/\"},{\"@type\":\"ListItem\",\"position\":2,\"name\":\"Proatividade no trabalho: por que \u00e9 importante e como promover? 7 dicas!\"}]},{\"@type\":\"WebSite\",\"@id\":\"https:\/\/nfe.io\/blog\/#website\",\"url\":\"https:\/\/nfe.io\/blog\/\",\"name\":\"NFE.io Blog\",\"description\":\"Automatize Suas Obriga\u00e7\u00f5es Fiscais com Efici\u00eancia\",\"publisher\":{\"@id\":\"https:\/\/nfe.io\/blog\/#organization\"},\"alternateName\":\"NFE.io\",\"potentialAction\":[{\"@type\":\"SearchAction\",\"target\":{\"@type\":\"EntryPoint\",\"urlTemplate\":\"https:\/\/nfe.io\/blog\/?s={search_term_string}\"},\"query-input\":{\"@type\":\"PropertyValueSpecification\",\"valueRequired\":true,\"valueName\":\"search_term_string\"}}],\"inLanguage\":\"en-US\"},{\"@type\":\"Organization\",\"@id\":\"https:\/\/nfe.io\/blog\/#organization\",\"name\":\"NFE io\",\"alternateName\":\"NFE\",\"url\":\"https:\/\/nfe.io\/blog\/\",\"logo\":{\"@type\":\"ImageObject\",\"inLanguage\":\"en-US\",\"@id\":\"https:\/\/nfe.io\/blog\/#\/schema\/logo\/image\/\",\"url\":\"https:\/\/nfe.io\/blog\/app\/uploads\/2020\/06\/logofooter.png\",\"contentUrl\":\"https:\/\/nfe.io\/blog\/app\/uploads\/2020\/06\/logofooter.png\",\"width\":143,\"height\":41,\"caption\":\"NFE io\"},\"image\":{\"@id\":\"https:\/\/nfe.io\/blog\/#\/schema\/logo\/image\/\"},\"sameAs\":[\"https:\/\/www.facebook.com\/nfe.io\",\"https:\/\/x.com\/nfe_io\",\"https:\/\/github.com\/nfe\",\"https:\/\/www.linkedin.com\/company\/10407705\/\",\"https:\/\/www.youtube.com\/channel\/UCB1PFw8rxeIN64k_t5FWEAQ\",\"https:\/\/www.instagram.com\/nfe.io\/\"]},{\"@type\":\"Person\",\"@id\":\"https:\/\/nfe.io\/blog\/#\/schema\/person\/5dba936eb6ef9ce2b7cd1bf6fb7aad11\",\"name\":\"Gabriel Marquez\",\"image\":{\"@type\":\"ImageObject\",\"inLanguage\":\"en-US\",\"@id\":\"https:\/\/nfe.io\/blog\/#\/schema\/person\/image\/\",\"url\":\"https:\/\/secure.gravatar.com\/avatar\/b9c35eac9573908c93a925466c8998ae2075037e3ccc57d03dea6faba89907ba?s=96&d=wp_user_avatar&r=g\",\"contentUrl\":\"https:\/\/secure.gravatar.com\/avatar\/b9c35eac9573908c93a925466c8998ae2075037e3ccc57d03dea6faba89907ba?s=96&d=wp_user_avatar&r=g\",\"caption\":\"Gabriel Marquez\"},\"description\":\"Empreendedor e Fundador da NFE.io e outras startups. Focado em ajudar empreendedores a escalar seus neg\u00f3cios. Interessado? Marque um papo!\",\"sameAs\":[\"https:\/\/nfe.io\",\"https:\/\/fb.com\/gblmarquez\",\"https:\/\/br.linkedin.com\/in\/gblmarquez\",\"https:\/\/x.com\/gblmarquez\"],\"url\":\"https:\/\/nfe.io\/blog\/author\/gabrielmarquez\/\"}]}<\/script>\n<!-- \/ Yoast SEO plugin. -->","yoast_head_json":{"title":"O que \u00e9 proatividade no trabalho e como promover?","description":"Proatividade no trabalho \u00e9 tomar atitudes sem precisar de ordens diretas para isso. Confira 7 dicas de como fomentar essa pr\u00e1tica","robots":{"index":"index","follow":"follow","max-snippet":"max-snippet:-1","max-image-preview":"max-image-preview:large","max-video-preview":"max-video-preview:-1"},"canonical":"https:\/\/nfe.io\/blog\/gestao-empresarial\/proatividade-no-trabalho\/","og_locale":"en_US","og_type":"article","og_title":"O que \u00e9 proatividade no trabalho e como promover?","og_description":"Proatividade no trabalho \u00e9 tomar atitudes sem precisar de ordens diretas para isso. Confira 7 dicas de como fomentar essa pr\u00e1tica","og_url":"https:\/\/nfe.io\/blog\/gestao-empresarial\/proatividade-no-trabalho\/","og_site_name":"NFE.io Blog","article_publisher":"https:\/\/www.facebook.com\/nfe.io","article_author":"https:\/\/fb.com\/gblmarquez","article_published_time":"2021-07-13T11:00:09+00:00","article_modified_time":"2021-12-27T03:50:42+00:00","og_image":[{"width":700,"height":500,"url":"https:\/\/nfe.io\/blog\/app\/uploads\/2021\/06\/proatividade-no-trabalho.png","type":"image\/png"}],"author":"Gabriel Marquez","twitter_card":"summary_large_image","twitter_creator":"@gblmarquez","twitter_site":"@nfe_io","twitter_misc":{"Written by":"Gabriel Marquez","Est. reading time":"5 minutes"},"schema":{"@context":"https:\/\/schema.org","@graph":[{"@type":"Article","@id":"https:\/\/nfe.io\/blog\/gestao-empresarial\/proatividade-no-trabalho\/#article","isPartOf":{"@id":"https:\/\/nfe.io\/blog\/gestao-empresarial\/proatividade-no-trabalho\/"},"author":{"name":"Gabriel Marquez","@id":"https:\/\/nfe.io\/blog\/#\/schema\/person\/5dba936eb6ef9ce2b7cd1bf6fb7aad11"},"headline":"Proatividade no trabalho: por que \u00e9 importante e como promover? 7 dicas!","datePublished":"2021-07-13T11:00:09+00:00","dateModified":"2021-12-27T03:50:42+00:00","mainEntityOfPage":{"@id":"https:\/\/nfe.io\/blog\/gestao-empresarial\/proatividade-no-trabalho\/"},"wordCount":1142,"commentCount":0,"publisher":{"@id":"https:\/\/nfe.io\/blog\/#organization"},"image":{"@id":"https:\/\/nfe.io\/blog\/gestao-empresarial\/proatividade-no-trabalho\/#primaryimage"},"thumbnailUrl":"https:\/\/nfe.io\/blog\/app\/uploads\/2021\/06\/proatividade-no-trabalho.png","articleSection":["Gest\u00e3o Empresarial"],"inLanguage":"en-US","potentialAction":[{"@type":"CommentAction","name":"Comment","target":["https:\/\/nfe.io\/blog\/gestao-empresarial\/proatividade-no-trabalho\/#respond"]}]},{"@type":"WebPage","@id":"https:\/\/nfe.io\/blog\/gestao-empresarial\/proatividade-no-trabalho\/","url":"https:\/\/nfe.io\/blog\/gestao-empresarial\/proatividade-no-trabalho\/","name":"O que \u00e9 proatividade no trabalho e como promover?","isPartOf":{"@id":"https:\/\/nfe.io\/blog\/#website"},"primaryImageOfPage":{"@id":"https:\/\/nfe.io\/blog\/gestao-empresarial\/proatividade-no-trabalho\/#primaryimage"},"image":{"@id":"https:\/\/nfe.io\/blog\/gestao-empresarial\/proatividade-no-trabalho\/#primaryimage"},"thumbnailUrl":"https:\/\/nfe.io\/blog\/app\/uploads\/2021\/06\/proatividade-no-trabalho.png","datePublished":"2021-07-13T11:00:09+00:00","dateModified":"2021-12-27T03:50:42+00:00","description":"Proatividade no trabalho \u00e9 tomar atitudes sem precisar de ordens diretas para isso. Confira 7 dicas de como fomentar essa pr\u00e1tica","breadcrumb":{"@id":"https:\/\/nfe.io\/blog\/gestao-empresarial\/proatividade-no-trabalho\/#breadcrumb"},"inLanguage":"en-US","potentialAction":[{"@type":"ReadAction","target":["https:\/\/nfe.io\/blog\/gestao-empresarial\/proatividade-no-trabalho\/"]}]},{"@type":"ImageObject","inLanguage":"en-US","@id":"https:\/\/nfe.io\/blog\/gestao-empresarial\/proatividade-no-trabalho\/#primaryimage","url":"https:\/\/nfe.io\/blog\/app\/uploads\/2021\/06\/proatividade-no-trabalho.png","contentUrl":"https:\/\/nfe.io\/blog\/app\/uploads\/2021\/06\/proatividade-no-trabalho.png","width":700,"height":500,"caption":"proatividade no trabalho"},{"@type":"BreadcrumbList","@id":"https:\/\/nfe.io\/blog\/gestao-empresarial\/proatividade-no-trabalho\/#breadcrumb","itemListElement":[{"@type":"ListItem","position":1,"name":"Home","item":"https:\/\/nfe.io\/blog\/"},{"@type":"ListItem","position":2,"name":"Proatividade no trabalho: por que \u00e9 importante e como promover? 7 dicas!"}]},{"@type":"WebSite","@id":"https:\/\/nfe.io\/blog\/#website","url":"https:\/\/nfe.io\/blog\/","name":"NFE.io Blog","description":"Automatize Suas Obriga\u00e7\u00f5es Fiscais com Efici\u00eancia","publisher":{"@id":"https:\/\/nfe.io\/blog\/#organization"},"alternateName":"NFE.io","potentialAction":[{"@type":"SearchAction","target":{"@type":"EntryPoint","urlTemplate":"https:\/\/nfe.io\/blog\/?s={search_term_string}"},"query-input":{"@type":"PropertyValueSpecification","valueRequired":true,"valueName":"search_term_string"}}],"inLanguage":"en-US"},{"@type":"Organization","@id":"https:\/\/nfe.io\/blog\/#organization","name":"NFE io","alternateName":"NFE","url":"https:\/\/nfe.io\/blog\/","logo":{"@type":"ImageObject","inLanguage":"en-US","@id":"https:\/\/nfe.io\/blog\/#\/schema\/logo\/image\/","url":"https:\/\/nfe.io\/blog\/app\/uploads\/2020\/06\/logofooter.png","contentUrl":"https:\/\/nfe.io\/blog\/app\/uploads\/2020\/06\/logofooter.png","width":143,"height":41,"caption":"NFE io"},"image":{"@id":"https:\/\/nfe.io\/blog\/#\/schema\/logo\/image\/"},"sameAs":["https:\/\/www.facebook.com\/nfe.io","https:\/\/x.com\/nfe_io","https:\/\/github.com\/nfe","https:\/\/www.linkedin.com\/company\/10407705\/","https:\/\/www.youtube.com\/channel\/UCB1PFw8rxeIN64k_t5FWEAQ","https:\/\/www.instagram.com\/nfe.io\/"]},{"@type":"Person","@id":"https:\/\/nfe.io\/blog\/#\/schema\/person\/5dba936eb6ef9ce2b7cd1bf6fb7aad11","name":"Gabriel Marquez","image":{"@type":"ImageObject","inLanguage":"en-US","@id":"https:\/\/nfe.io\/blog\/#\/schema\/person\/image\/","url":"https:\/\/secure.gravatar.com\/avatar\/b9c35eac9573908c93a925466c8998ae2075037e3ccc57d03dea6faba89907ba?s=96&d=wp_user_avatar&r=g","contentUrl":"https:\/\/secure.gravatar.com\/avatar\/b9c35eac9573908c93a925466c8998ae2075037e3ccc57d03dea6faba89907ba?s=96&d=wp_user_avatar&r=g","caption":"Gabriel Marquez"},"description":"Empreendedor e Fundador da NFE.io e outras startups. Focado em ajudar empreendedores a escalar seus neg\u00f3cios. Interessado? Marque um papo!","sameAs":["https:\/\/nfe.io","https:\/\/fb.com\/gblmarquez","https:\/\/br.linkedin.com\/in\/gblmarquez","https:\/\/x.com\/gblmarquez"],"url":"https:\/\/nfe.io\/blog\/author\/gabrielmarquez\/"}]}},"_links":{"self":[{"href":"https:\/\/nfe.io\/blog\/wp-json\/wp\/v2\/posts\/9543","targetHints":{"allow":["GET"]}}],"collection":[{"href":"https:\/\/nfe.io\/blog\/wp-json\/wp\/v2\/posts"}],"about":[{"href":"https:\/\/nfe.io\/blog\/wp-json\/wp\/v2\/types\/post"}],"author":[{"embeddable":true,"href":"https:\/\/nfe.io\/blog\/wp-json\/wp\/v2\/users\/2"}],"replies":[{"embeddable":true,"href":"https:\/\/nfe.io\/blog\/wp-json\/wp\/v2\/comments?post=9543"}],"version-history":[{"count":0,"href":"https:\/\/nfe.io\/blog\/wp-json\/wp\/v2\/posts\/9543\/revisions"}],"wp:featuredmedia":[{"embeddable":true,"href":"https:\/\/nfe.io\/blog\/wp-json\/wp\/v2\/media\/9544"}],"wp:attachment":[{"href":"https:\/\/nfe.io\/blog\/wp-json\/wp\/v2\/media?parent=9543"}],"wp:term":[{"taxonomy":"category","embeddable":true,"href":"https:\/\/nfe.io\/blog\/wp-json\/wp\/v2\/categories?post=9543"},{"taxonomy":"post_tag","embeddable":true,"href":"https:\/\/nfe.io\/blog\/wp-json\/wp\/v2\/tags?post=9543"}],"curies":[{"name":"wp","href":"https:\/\/api.w.org\/{rel}","templated":true}]}}