{"id":9490,"date":"2021-06-22T08:00:18","date_gmt":"2021-06-22T11:00:18","guid":{"rendered":"https:\/\/nfe.io\/blog\/?p=9490"},"modified":"2022-03-17T18:09:18","modified_gmt":"2022-03-17T21:09:18","slug":"o-que-e-pro-labore","status":"publish","type":"post","link":"https:\/\/nfe.io\/blog\/gestao-empresarial\/o-que-e-pro-labore\/","title":{"rendered":"O que \u00e9 pr\u00f3-labore, como funciona e como calcular?"},"content":{"rendered":"<p><span style=\"font-weight: 400;\">Est\u00e1 pensando em abrir um neg\u00f3cio em parceria com outras pessoas? Ent\u00e3o voc\u00ea precisa saber o que \u00e9 pr\u00f3-labore.<\/span><\/p>\n<p><span style=\"font-weight: 400;\">De forma resumida, pr\u00f3-labore \u00e9 a <\/span><b>remunera\u00e7\u00e3o paga para os s\u00f3cios-administradores de uma empresa<\/b><span style=\"font-weight: 400;\">. Ainda que soe semelhante ao sal\u00e1rio, se trata de uma forma de pagamento diferente e com regras pr\u00f3prias.<\/span><\/p>\n<p><span style=\"font-weight: 400;\">Por exemplo, a principal diferen\u00e7a entre pr\u00f3-labore e sal\u00e1rio \u00e9 que, sobre a primeira forma de remunera\u00e7\u00e3o, n\u00e3o incidem os encargos trabalhistas obrigat\u00f3rios, como o FGTS, 13\u00ba sal\u00e1rio e f\u00e9rias, sendo esses e outros facultativos, exceto o <\/span><a href=\"https:\/\/nfe.io\/blog\/gestao-empresarial\/mudancas-inss-2020\/\" target=\"_blank\" rel=\"noopener\"><span style=\"font-weight: 400;\">INSS<\/span><\/a><span style=\"font-weight: 400;\">.\u00a0<\/span><\/p>\n<p><span style=\"font-weight: 400;\">Al\u00e9m disso, \u00e9 bem importante destacar que pr\u00f3-labore n\u00e3o \u00e9 o mesmo que distribui\u00e7\u00e3o de lucros ou dividendos, sendo, portanto, uma forma distinta de faturamento individual.<\/span><\/p>\n<p><span style=\"font-weight: 400;\">Ent\u00e3o como deve ser feito esse c\u00e1lculo? O pagamento dessa esp\u00e9cie de \u201csal\u00e1rio para os donos\u201d \u00e9 obrigat\u00f3rio?\u00a0<\/span><\/p>\n<p><span style=\"font-weight: 400;\">Neste artigo voc\u00ea vai conferir o que \u00e9 pr\u00f3-labore, como definir o seu valor, forma de c\u00e1lculo e muito mais. Confira!<\/span><b>\u00a0<\/b><\/p>\n<p><span data-sheets-value=\"{&quot;1&quot;:2,&quot;2&quot;:&quot; \n\n\t&lt;div class=&quot;cta-blog blue io&quot; id=&quot;9490&quot;&gt;\n\n\t\t&lt;div class=&quot;cta-title&quot;&gt;\n\t\t\t&lt;h3&gt; &lt;\/h3&gt;\n\t\t&lt;\/div&gt;\n\n\t\t&lt;div class=&quot;cta-content&quot;&gt;\n\t\t\t&lt;p&gt;&lt;\/p&gt;\n\t\t&lt;\/div&gt;\n\n\t\t&lt;div class=&quot;cta-area&quot;&gt;\n\n\t\t\t&lt;!-- &lt;div class=&quot;left&quot;&gt;\n\t\t\t\t&lt;h5&gt;&lt;\/h5&gt;\n\t\t\t\t&lt;div id=&quot;subtitle&quot;&gt;&lt;\/div&gt;\n\t\t\t&lt;\/div&gt; --&gt;\n\n\t\t\t&lt;!-- &lt;div class=&quot;right&quot;&gt; --&gt;\n\t\t\t\t\t\t\t&lt;!-- &lt;\/div&gt; --&gt;\n\n\t\t&lt;\/div&gt;\n\n\t&lt;\/div&gt;\n\n\t&quot;}\" data-sheets-userformat=\"{&quot;2&quot;:705,&quot;3&quot;:{&quot;1&quot;:0},&quot;9&quot;:1,&quot;10&quot;:1,&quot;12&quot;:0}\"><\/span><\/p>\n<h2>O que \u00e9 pr\u00f3-labore?<\/h2>\n<p><i><span style=\"font-weight: 400;\">Pro-labore<\/span><\/i><span style=\"font-weight: 400;\">, sem a presen\u00e7a do acento, \u00e9 um termo de origem latina que significa \u201cpelo trabalho\u201d. Na l\u00edngua portuguesa essa locu\u00e7\u00e3o deve ser escrita acentuada e tem significado semelhante.<\/span><\/p>\n<p><span style=\"font-weight: 400;\">Assim, se voc\u00ea busca saber o que \u00e9 pr\u00f3-labore, saiba que se trata de uma <\/span><b>forma de remunera\u00e7\u00e3o paga decorrente do trabalho dos s\u00f3cios-administradores de uma empresa.<\/b><\/p>\n<p><span style=\"font-weight: 400;\">Como dissemos anteriormente, ainda que pare\u00e7am conceitos semelhantes, pr\u00f3-labore e sal\u00e1rio s\u00e3o proventos distintos.<\/span><\/p>\n<p><span style=\"font-weight: 400;\">A principal diferen\u00e7a entre pr\u00f3-labore e sal\u00e1rio \u00e9 que os encargos trabalhistas obrigat\u00f3rios na segunda forma de remunera\u00e7\u00e3o s\u00e3o opcionais na primeira.<\/span><\/p>\n<p><span style=\"font-weight: 400;\">Isso quer dizer que o pagamento ou n\u00e3o de benef\u00edcios como 13\u00ba e f\u00e9rias podem ser ajustados entre a empresa e o administrador e firmados em contrato.<\/span><\/p>\n<p><span style=\"font-weight: 400;\">Sugest\u00e3o de leitura: \u201c<\/span><a href=\"https:\/\/nfe.io\/blog\/gestao-empresarial\/empreendedorismo-digital\/\" target=\"_blank\" rel=\"noopener\"><span style=\"font-weight: 400;\">Empreendedorismo digital: dicas para iniciar um neg\u00f3cio online<\/span><\/a><span style=\"font-weight: 400;\">\u201d<\/span><\/p>\n<h2>O pagamento do pr\u00f3-labore \u00e9 obrigat\u00f3rio?<\/h2>\n<p><span style=\"font-weight: 400;\">Uma d\u00favida bastante comum quando se busca saber mais sobre o que \u00e9 pr\u00f3-labore \u00e9 se essa forma de remunera\u00e7\u00e3o \u00e9 obrigat\u00f3ria.<\/span><\/p>\n<p><span style=\"font-weight: 400;\">Para responder essa quest\u00e3o \u00e9 preciso considerar que <\/span><b>as legisla\u00e7\u00f5es atuais n\u00e3o fazem men\u00e7\u00e3o clara sobre a obrigatoriedade do pagamento do pr\u00f3-labore<\/b><span style=\"font-weight: 400;\"> aos s\u00f3cios de uma empresa.\u00a0<\/span><\/p>\n<p><span style=\"font-weight: 400;\">No entanto, a <\/span><a href=\"http:\/\/normas.receita.fazenda.gov.br\/sijut2consulta\/link.action?visao=anotado&amp;idAto=76675\" target=\"_blank\" rel=\"noopener\"><span style=\"font-weight: 400;\">Solu\u00e7\u00e3o de Consulta Cosit n\u00ba 120, de 17 de agosto de 2016<\/span><\/a><span style=\"font-weight: 400;\">, da Receita Federal, determina que:<\/span><\/p>\n<p><em>\u201cO s\u00f3cio da sociedade civil de presta\u00e7\u00e3o de servi\u00e7os profissionais que presta servi\u00e7os \u00e0 sociedade da qual \u00e9 s\u00f3cio \u00e9 segurado obrigat\u00f3rio na categoria de contribuinte individual, conforme a al\u00ednea \u201cf\u201d, inciso V, art. 12 da Lei n\u00ba 8.212, de 1991, sendo obrigat\u00f3ria a discrimina\u00e7\u00e3o entre a parcela da distribui\u00e7\u00e3o de lucro e aquela paga pelo trabalho.<\/em><\/p>\n<p><em>O fato gerador da contribui\u00e7\u00e3o previdenci\u00e1ria ocorre no m\u00eas em que for paga ou creditada a remunera\u00e7\u00e3o do contribuinte individual.<\/em><\/p>\n<p><em>Pelo menos parte dos valores pagos pela sociedade ao s\u00f3cio que presta servi\u00e7o \u00e0 sociedade ter\u00e1 necessariamente natureza jur\u00eddica de retribui\u00e7\u00e3o pelo trabalho, sujeita \u00e0 incid\u00eancia de contribui\u00e7\u00e3o previdenci\u00e1ria\u2026\u201d<\/em><\/p>\n<p><span style=\"font-weight: 400;\">Em outras palavras, isso quer dizer que, uma vez que o s\u00f3cio preste servi\u00e7os \u00e0 empresa da qual faz parte e receba por isso deve, <\/span><b>obrigatoriamente, contribuir para o INSS<\/b><span style=\"font-weight: 400;\">.\u00a0<\/span><\/p>\n<p><span style=\"font-weight: 400;\">Por sua vez, o valor a ser pago por essa contribui\u00e7\u00e3o s\u00f3 pode ser calculado com base no pr\u00f3-labore, e n\u00e3o sobre os lucros recebidos, sobre o qual n\u00e3o incidem impostos nem tributos.\u00a0<\/span><\/p>\n<p><span style=\"font-weight: 400;\">Dessa forma, <\/span><b>\u00e9 poss\u00edvel entender que o pagamento do pr\u00f3-labore \u00e9 obrigat\u00f3rio, especialmente para atender a essa finalidade<\/b><span style=\"font-weight: 400;\">, exceto quando, por algum motivo espec\u00edfico e pontual, os s\u00f3cios estejam trabalhando voluntariamente, sem qualquer fonte de remunera\u00e7\u00e3o, nem mesmo benef\u00edcios.<\/span><\/p>\n<h2>Como definir o valor e calcular o pr\u00f3-labore?<\/h2>\n<p><span style=\"font-weight: 400;\">Agora que o conceito sobre o que \u00e9 pr\u00f3-labore e a sua obrigatoriedade ficaram mais claros, \u00e9 bem importante que voc\u00ea saiba tamb\u00e9m como definir o valor que ser\u00e1 pago a sua forma de c\u00e1lculo, concorda?<\/span><\/p>\n<p><span style=\"font-weight: 400;\">Mais uma vez, as legisla\u00e7\u00f5es vigentes n\u00e3o ditam valores e percentuais que devem ser seguidos sobre essa forma de remunera\u00e7\u00e3o, a exemplo da <\/span><a href=\"https:\/\/www.planalto.gov.br\/ccivil_03\/Leis\/L6404consol.htm\" target=\"_blank\" rel=\"noopener\"><span style=\"font-weight: 400;\">Lei n\u00ba 6.404 de 15 de dezembro de 1976<\/span><\/a><span style=\"font-weight: 400;\">, que disp\u00f5e sobre as <\/span><a href=\"https:\/\/nfe.io\/blog\/gestao-empresarial\/sociedade-anonima-x-sociedade-limitada\/\" target=\"_blank\" rel=\"noopener\"><span style=\"font-weight: 400;\">sociedades<\/span><\/a><span style=\"font-weight: 400;\"> por a\u00e7\u00f5es.\u00a0<\/span><\/p>\n<p><span style=\"font-weight: 400;\">A \u00fanica recomenda\u00e7\u00e3o \u00e9 que <\/span><b>os valores pagos referentes ao pr\u00f3-labore n\u00e3o sejam inferiores ao sal\u00e1rio m\u00ednimo vigente<\/b><span style=\"font-weight: 400;\">, especialmente devido \u00e0 incid\u00eancia do INSS.<\/span><\/p>\n<p><span style=\"font-weight: 400;\">Dessa forma, a melhor maneira de definir a quantia a ser paga para essa remunera\u00e7\u00e3o \u00e9 <\/span><b>considerar a m\u00e9dia paga pelo mercado para a atividade que \u00e9 exercida pelo s\u00f3cio<\/b><span style=\"font-weight: 400;\">.<\/span><\/p>\n<p><span style=\"font-weight: 400;\">Assim, para chegar a um valor justo, \u00e9 bastante indicado:<\/span><\/p>\n<ul>\n<li style=\"font-weight: 400;\" aria-level=\"1\"><span style=\"font-weight: 400;\">come\u00e7ar definindo quais ser\u00e3o as obriga\u00e7\u00f5es do s\u00f3cio-administrador e as suas responsabilidades;<\/span><\/li>\n<li style=\"font-weight: 400;\" aria-level=\"1\"><span style=\"font-weight: 400;\">realizar uma pesquisa para verificar quanto um funcion\u00e1rio CLT recebe para exercer essa mesma fun\u00e7\u00e3o, ou similar;<\/span><\/li>\n<li style=\"font-weight: 400;\" aria-level=\"1\"><span style=\"font-weight: 400;\">definir o valor que ser\u00e1 pago referente ao pr\u00f3-labore, acrescentando entre 20% a 30% a mais a fim de compensar a aus\u00eancia dos benef\u00edcios trabalhistas.<\/span><\/li>\n<\/ul>\n<p><span style=\"font-weight: 400;\">Uma dica extra na hora de calcular o valor dessa remunera\u00e7\u00e3o \u00e9 <\/span><b>n\u00e3o deixar de se atentar \u00e0 atua\u00e7\u00e3o condi\u00e7\u00e3o financeira da empresa.\u00a0<\/b><\/p>\n<p><span style=\"font-weight: 400;\">Por vezes, \u00e9 comum que os s\u00f3cios queiram receber valores significativos. No entanto, ainda que essa solicita\u00e7\u00e3o seja justific\u00e1vel, \u00e9 essencial n\u00e3o comprometer a sa\u00fade financeira do neg\u00f3cio para atend\u00ea-la.<\/span><\/p>\n<p><span style=\"font-weight: 400;\">Aproveite e leia tamb\u00e9m: \u201c<\/span><a href=\"https:\/\/nfe.io\/blog\/financeiro\/tipos-de-risco-financeiro\/\" target=\"_blank\" rel=\"noopener\"><span style=\"font-weight: 400;\">Tipos de risco financeiro: os 4 principais que merecem a sua aten\u00e7\u00e3o e como evit\u00e1-los<\/span><\/a><span style=\"font-weight: 400;\">\u201d<\/span><\/p>\n<h2>Quais impostos incidem sobre o c\u00e1lculo do pr\u00f3-labore?<\/h2>\n<p><span style=\"font-weight: 400;\">Outro detalhe bem importante que \u00e9 preciso saber sobre o que \u00e9 pr\u00f3-labore e a sua forma de c\u00e1lculo s\u00e3o os impostos que incidem sobre essa forma de remunera\u00e7\u00e3o.<\/span><\/p>\n<p><span style=\"font-weight: 400;\">Vale lembrar que, <\/span><b>para a empresa, essa quantia \u00e9 considerada uma despesa administrativa<\/b><span style=\"font-weight: 400;\"> e, sempre que houver o seu pagamento, a contabilidade deve gerar a GPS, Guia de Previd\u00eancia Social, para recolhimento da contribui\u00e7\u00e3o previdenci\u00e1ria.<\/span><\/p>\n<p><span style=\"font-weight: 400;\">Com rela\u00e7\u00e3o aos impostos incidentes sobre o pr\u00f3-labore, isso depende do <\/span><a href=\"https:\/\/nfe.io\/blog\/financeiro\/como-escolher-regime-tributario-empresa\/\" target=\"_blank\" rel=\"noopener\"><span style=\"font-weight: 400;\">regime tribut\u00e1rio<\/span><\/a><span style=\"font-weight: 400;\"> do neg\u00f3cio.<\/span><\/p>\n<p><span style=\"font-weight: 400;\">Por exemplo, as <\/span><b>empresas optantes do <\/b><a href=\"https:\/\/nfe.io\/blog\/nota-fiscal\/optante-pelo-simples\/\" target=\"_blank\" rel=\"noopener\"><b>Simples Nacional<\/b><\/a><b> n\u00e3o t\u00eam custos sobre a contribui\u00e7\u00e3o patronal<\/b><span style=\"font-weight: 400;\">, mas do s\u00f3cio que est\u00e1 recebendo o pr\u00f3-labore ter\u00e1 retido na fonte 11% referente ao INSS, ou deduzido do valor bruto.<\/span><\/p>\n<p><span style=\"font-weight: 400;\">Tamb\u00e9m incide sobre a remunera\u00e7\u00e3o o percentual referente ao IRPF, Imposto de Renda de Pessoa F\u00edsica, seguindo a tabela progressiva determinada pela Receita Federal.<\/span><\/p>\n<p><span style=\"font-weight: 400;\">J\u00e1 para os neg\u00f3cios que t\u00eam como regime de tributa\u00e7\u00e3o o <\/span><b>Lucro Presumido<\/b><span style=\"font-weight: 400;\">, o s\u00f3cio paga os mesmos percentuais no que diz respeito ao INSS e IRPF. Por\u00e9m, <\/span><b>para a empresa, incidem encargos sociais de 20% sobre o valor definido para o pr\u00f3-labore<\/b><span style=\"font-weight: 400;\">.<\/span><\/p>\n<h2>Quando deve ser pago o pr\u00f3-labore ao s\u00f3cio e como comprovar o pagamento?<\/h2>\n<p><span style=\"font-weight: 400;\">Al\u00e9m disso, quando se entende a fundo o que \u00e9 pr\u00f3-labore, fica claro que essa remunera\u00e7\u00e3o <\/span><b>s\u00f3 deve ser paga quando a empresa j\u00e1 tiver faturamento<\/b><span style=\"font-weight: 400;\">.\u00a0<\/span><\/p>\n<p><span style=\"font-weight: 400;\">Por exemplo, se o in\u00edcio das atividades for no m\u00eas de janeiro, mas o neg\u00f3cio somente come\u00e7ar a faturar em mar\u00e7o, \u00e9 a partir desse m\u00eas que o pr\u00f3-labore ser\u00e1 pago.\u00a0<\/span><\/p>\n<p><span style=\"font-weight: 400;\">No que diz respeito \u00e0 comprova\u00e7\u00e3o do pagamento, ao contr\u00e1rio dos funcion\u00e1rios que recebem um holerite, o s\u00f3cio pode comprovar o seu faturamento mediante uma declara\u00e7\u00e3o emitida pela contabilidade do neg\u00f3cio.<\/span><\/p>\n<p><span style=\"font-weight: 400;\">Que tal outras dicas e orienta\u00e7\u00f5es para fazer uma boa gest\u00e3o da sua empresa? Ent\u00e3o n\u00e3o deixe de ler o artigo \u201c<\/span><a href=\"https:\/\/nfe.io\/blog\/financeiro\/como-calcular-capital-de-giro\/\" target=\"_blank\" rel=\"noopener\"><span style=\"font-weight: 400;\">Como calcular capital de giro? Descubra e mantenha a sa\u00fade financeira da sua empresa!<\/span><\/a><span style=\"font-weight: 400;\">\u201d<\/span><\/p>\n<p><span data-sheets-value=\"{&quot;1&quot;:2,&quot;2&quot;:&quot; \n\n\t&lt;div class=&quot;cta-blog green bar&quot; id=&quot;9490&quot;&gt;\n\n\t\t&lt;div class=&quot;cta-title&quot;&gt;\n\t\t\t&lt;h3&gt; &lt;\/h3&gt;\n\t\t&lt;\/div&gt;\n\n\t\t&lt;div class=&quot;cta-content&quot;&gt;\n\t\t\t&lt;p&gt;&lt;\/p&gt;\n\t\t&lt;\/div&gt;\n\n\t\t&lt;div class=&quot;cta-area&quot;&gt;\n\n\t\t\t&lt;!-- &lt;div class=&quot;left&quot;&gt;\n\t\t\t\t&lt;h5&gt;&lt;\/h5&gt;\n\t\t\t\t&lt;div id=&quot;subtitle&quot;&gt;&lt;\/div&gt;\n\t\t\t&lt;\/div&gt; --&gt;\n\n\t\t\t&lt;!-- &lt;div class=&quot;right&quot;&gt; --&gt;\n\t\t\t\t\t\t\t&lt;!-- &lt;\/div&gt; --&gt;\n\n\t\t&lt;\/div&gt;\n\n\t&lt;\/div&gt;\n\n\t&quot;}\" data-sheets-userformat=\"{&quot;2&quot;:707,&quot;3&quot;:{&quot;1&quot;:0},&quot;4&quot;:{&quot;1&quot;:2,&quot;2&quot;:14281427},&quot;9&quot;:1,&quot;10&quot;:1,&quot;12&quot;:0}\"><\/span><\/p>\n","protected":false},"excerpt":{"rendered":"<p>Est\u00e1 pensando em abrir um neg\u00f3cio em parceria com outras pessoas? Ent\u00e3o voc\u00ea precisa saber o que \u00e9 pr\u00f3-labore. De forma resumida, pr\u00f3-labore&#8230;<\/p>\n","protected":false},"author":2,"featured_media":9491,"comment_status":"open","ping_status":"closed","sticky":false,"template":"","format":"standard","meta":{"_acf_changed":false,"footnotes":""},"categories":[7],"tags":[],"class_list":["post-9490","post","type-post","status-publish","format-standard","has-post-thumbnail","hentry","category-gestao-empresarial"],"acf":[],"yoast_head":"<!-- This site is optimized with the Yoast SEO plugin v25.1 - https:\/\/yoast.com\/wordpress\/plugins\/seo\/ -->\n<title>O que \u00e9 pr\u00f3-labore e como calcular?<\/title>\n<meta name=\"description\" content=\"Saber o que \u00e9 o pr\u00f3-labore, remunera\u00e7\u00e3o paga aos s\u00f3cios, \u00e9 essencial para o sucesso de uma empresa. Confira regras e como definir esse valor\" \/>\n<meta name=\"robots\" content=\"index, follow, max-snippet:-1, max-image-preview:large, max-video-preview:-1\" \/>\n<link rel=\"canonical\" href=\"https:\/\/nfe.io\/blog\/gestao-empresarial\/o-que-e-pro-labore\/\" \/>\n<meta property=\"og:locale\" content=\"en_US\" \/>\n<meta property=\"og:type\" content=\"article\" \/>\n<meta property=\"og:title\" content=\"O que \u00e9 pr\u00f3-labore e como calcular?\" \/>\n<meta property=\"og:description\" content=\"Saber o que \u00e9 o pr\u00f3-labore, remunera\u00e7\u00e3o paga aos s\u00f3cios, \u00e9 essencial para o sucesso de uma empresa. Confira regras e como definir esse valor\" \/>\n<meta property=\"og:url\" content=\"https:\/\/nfe.io\/blog\/gestao-empresarial\/o-que-e-pro-labore\/\" \/>\n<meta property=\"og:site_name\" content=\"NFE.io Blog\" \/>\n<meta property=\"article:publisher\" content=\"https:\/\/www.facebook.com\/nfe.io\" \/>\n<meta property=\"article:author\" content=\"https:\/\/fb.com\/gblmarquez\" \/>\n<meta property=\"article:published_time\" content=\"2021-06-22T11:00:18+00:00\" \/>\n<meta property=\"article:modified_time\" content=\"2022-03-17T21:09:18+00:00\" \/>\n<meta property=\"og:image\" content=\"https:\/\/nfe.io\/blog\/app\/uploads\/2021\/05\/o-que-e-pro-labore.png\" \/>\n\t<meta property=\"og:image:width\" content=\"700\" \/>\n\t<meta property=\"og:image:height\" content=\"500\" \/>\n\t<meta property=\"og:image:type\" content=\"image\/png\" \/>\n<meta name=\"author\" content=\"Gabriel Marquez\" \/>\n<meta name=\"twitter:card\" content=\"summary_large_image\" \/>\n<meta name=\"twitter:creator\" content=\"@gblmarquez\" \/>\n<meta name=\"twitter:site\" content=\"@nfe_io\" \/>\n<meta name=\"twitter:label1\" content=\"Written by\" \/>\n\t<meta name=\"twitter:data1\" content=\"Gabriel Marquez\" \/>\n\t<meta name=\"twitter:label2\" content=\"Est. reading time\" \/>\n\t<meta name=\"twitter:data2\" content=\"7 minutes\" \/>\n<script type=\"application\/ld+json\" class=\"yoast-schema-graph\">{\"@context\":\"https:\/\/schema.org\",\"@graph\":[{\"@type\":\"Article\",\"@id\":\"https:\/\/nfe.io\/blog\/gestao-empresarial\/o-que-e-pro-labore\/#article\",\"isPartOf\":{\"@id\":\"https:\/\/nfe.io\/blog\/gestao-empresarial\/o-que-e-pro-labore\/\"},\"author\":{\"name\":\"Gabriel Marquez\",\"@id\":\"https:\/\/nfe.io\/blog\/#\/schema\/person\/5dba936eb6ef9ce2b7cd1bf6fb7aad11\"},\"headline\":\"O que \u00e9 pr\u00f3-labore, como funciona e como calcular?\",\"datePublished\":\"2021-06-22T11:00:18+00:00\",\"dateModified\":\"2022-03-17T21:09:18+00:00\",\"mainEntityOfPage\":{\"@id\":\"https:\/\/nfe.io\/blog\/gestao-empresarial\/o-que-e-pro-labore\/\"},\"wordCount\":1309,\"commentCount\":0,\"publisher\":{\"@id\":\"https:\/\/nfe.io\/blog\/#organization\"},\"image\":{\"@id\":\"https:\/\/nfe.io\/blog\/gestao-empresarial\/o-que-e-pro-labore\/#primaryimage\"},\"thumbnailUrl\":\"https:\/\/nfe.io\/blog\/app\/uploads\/2021\/05\/o-que-e-pro-labore.png\",\"articleSection\":[\"Gest\u00e3o Empresarial\"],\"inLanguage\":\"en-US\",\"potentialAction\":[{\"@type\":\"CommentAction\",\"name\":\"Comment\",\"target\":[\"https:\/\/nfe.io\/blog\/gestao-empresarial\/o-que-e-pro-labore\/#respond\"]}]},{\"@type\":\"WebPage\",\"@id\":\"https:\/\/nfe.io\/blog\/gestao-empresarial\/o-que-e-pro-labore\/\",\"url\":\"https:\/\/nfe.io\/blog\/gestao-empresarial\/o-que-e-pro-labore\/\",\"name\":\"O que \u00e9 pr\u00f3-labore e como calcular?\",\"isPartOf\":{\"@id\":\"https:\/\/nfe.io\/blog\/#website\"},\"primaryImageOfPage\":{\"@id\":\"https:\/\/nfe.io\/blog\/gestao-empresarial\/o-que-e-pro-labore\/#primaryimage\"},\"image\":{\"@id\":\"https:\/\/nfe.io\/blog\/gestao-empresarial\/o-que-e-pro-labore\/#primaryimage\"},\"thumbnailUrl\":\"https:\/\/nfe.io\/blog\/app\/uploads\/2021\/05\/o-que-e-pro-labore.png\",\"datePublished\":\"2021-06-22T11:00:18+00:00\",\"dateModified\":\"2022-03-17T21:09:18+00:00\",\"description\":\"Saber o que \u00e9 o pr\u00f3-labore, remunera\u00e7\u00e3o paga aos s\u00f3cios, \u00e9 essencial para o sucesso de uma empresa. Confira regras e como definir esse valor\",\"breadcrumb\":{\"@id\":\"https:\/\/nfe.io\/blog\/gestao-empresarial\/o-que-e-pro-labore\/#breadcrumb\"},\"inLanguage\":\"en-US\",\"potentialAction\":[{\"@type\":\"ReadAction\",\"target\":[\"https:\/\/nfe.io\/blog\/gestao-empresarial\/o-que-e-pro-labore\/\"]}]},{\"@type\":\"ImageObject\",\"inLanguage\":\"en-US\",\"@id\":\"https:\/\/nfe.io\/blog\/gestao-empresarial\/o-que-e-pro-labore\/#primaryimage\",\"url\":\"https:\/\/nfe.io\/blog\/app\/uploads\/2021\/05\/o-que-e-pro-labore.png\",\"contentUrl\":\"https:\/\/nfe.io\/blog\/app\/uploads\/2021\/05\/o-que-e-pro-labore.png\",\"width\":700,\"height\":500,\"caption\":\"o que \u00e9 pr\u00f3-labore\"},{\"@type\":\"BreadcrumbList\",\"@id\":\"https:\/\/nfe.io\/blog\/gestao-empresarial\/o-que-e-pro-labore\/#breadcrumb\",\"itemListElement\":[{\"@type\":\"ListItem\",\"position\":1,\"name\":\"Home\",\"item\":\"https:\/\/nfe.io\/blog\/\"},{\"@type\":\"ListItem\",\"position\":2,\"name\":\"O que \u00e9 pr\u00f3-labore, como funciona e como calcular?\"}]},{\"@type\":\"WebSite\",\"@id\":\"https:\/\/nfe.io\/blog\/#website\",\"url\":\"https:\/\/nfe.io\/blog\/\",\"name\":\"NFE.io Blog\",\"description\":\"Automatize Suas Obriga\u00e7\u00f5es Fiscais com Efici\u00eancia\",\"publisher\":{\"@id\":\"https:\/\/nfe.io\/blog\/#organization\"},\"alternateName\":\"NFE.io\",\"potentialAction\":[{\"@type\":\"SearchAction\",\"target\":{\"@type\":\"EntryPoint\",\"urlTemplate\":\"https:\/\/nfe.io\/blog\/?s={search_term_string}\"},\"query-input\":{\"@type\":\"PropertyValueSpecification\",\"valueRequired\":true,\"valueName\":\"search_term_string\"}}],\"inLanguage\":\"en-US\"},{\"@type\":\"Organization\",\"@id\":\"https:\/\/nfe.io\/blog\/#organization\",\"name\":\"NFE io\",\"alternateName\":\"NFE\",\"url\":\"https:\/\/nfe.io\/blog\/\",\"logo\":{\"@type\":\"ImageObject\",\"inLanguage\":\"en-US\",\"@id\":\"https:\/\/nfe.io\/blog\/#\/schema\/logo\/image\/\",\"url\":\"https:\/\/nfe.io\/blog\/app\/uploads\/2020\/06\/logofooter.png\",\"contentUrl\":\"https:\/\/nfe.io\/blog\/app\/uploads\/2020\/06\/logofooter.png\",\"width\":143,\"height\":41,\"caption\":\"NFE io\"},\"image\":{\"@id\":\"https:\/\/nfe.io\/blog\/#\/schema\/logo\/image\/\"},\"sameAs\":[\"https:\/\/www.facebook.com\/nfe.io\",\"https:\/\/x.com\/nfe_io\",\"https:\/\/github.com\/nfe\",\"https:\/\/www.linkedin.com\/company\/10407705\/\",\"https:\/\/www.youtube.com\/channel\/UCB1PFw8rxeIN64k_t5FWEAQ\",\"https:\/\/www.instagram.com\/nfe.io\/\"]},{\"@type\":\"Person\",\"@id\":\"https:\/\/nfe.io\/blog\/#\/schema\/person\/5dba936eb6ef9ce2b7cd1bf6fb7aad11\",\"name\":\"Gabriel Marquez\",\"image\":{\"@type\":\"ImageObject\",\"inLanguage\":\"en-US\",\"@id\":\"https:\/\/nfe.io\/blog\/#\/schema\/person\/image\/\",\"url\":\"https:\/\/secure.gravatar.com\/avatar\/b9c35eac9573908c93a925466c8998ae2075037e3ccc57d03dea6faba89907ba?s=96&d=wp_user_avatar&r=g\",\"contentUrl\":\"https:\/\/secure.gravatar.com\/avatar\/b9c35eac9573908c93a925466c8998ae2075037e3ccc57d03dea6faba89907ba?s=96&d=wp_user_avatar&r=g\",\"caption\":\"Gabriel Marquez\"},\"description\":\"Empreendedor e Fundador da NFE.io e outras startups. Focado em ajudar empreendedores a escalar seus neg\u00f3cios. Interessado? Marque um papo!\",\"sameAs\":[\"https:\/\/nfe.io\",\"https:\/\/fb.com\/gblmarquez\",\"https:\/\/br.linkedin.com\/in\/gblmarquez\",\"https:\/\/x.com\/gblmarquez\"],\"url\":\"https:\/\/nfe.io\/blog\/author\/gabrielmarquez\/\"}]}<\/script>\n<!-- \/ Yoast SEO plugin. -->","yoast_head_json":{"title":"O que \u00e9 pr\u00f3-labore e como calcular?","description":"Saber o que \u00e9 o pr\u00f3-labore, remunera\u00e7\u00e3o paga aos s\u00f3cios, \u00e9 essencial para o sucesso de uma empresa. Confira regras e como definir esse valor","robots":{"index":"index","follow":"follow","max-snippet":"max-snippet:-1","max-image-preview":"max-image-preview:large","max-video-preview":"max-video-preview:-1"},"canonical":"https:\/\/nfe.io\/blog\/gestao-empresarial\/o-que-e-pro-labore\/","og_locale":"en_US","og_type":"article","og_title":"O que \u00e9 pr\u00f3-labore e como calcular?","og_description":"Saber o que \u00e9 o pr\u00f3-labore, remunera\u00e7\u00e3o paga aos s\u00f3cios, \u00e9 essencial para o sucesso de uma empresa. Confira regras e como definir esse valor","og_url":"https:\/\/nfe.io\/blog\/gestao-empresarial\/o-que-e-pro-labore\/","og_site_name":"NFE.io Blog","article_publisher":"https:\/\/www.facebook.com\/nfe.io","article_author":"https:\/\/fb.com\/gblmarquez","article_published_time":"2021-06-22T11:00:18+00:00","article_modified_time":"2022-03-17T21:09:18+00:00","og_image":[{"width":700,"height":500,"url":"https:\/\/nfe.io\/blog\/app\/uploads\/2021\/05\/o-que-e-pro-labore.png","type":"image\/png"}],"author":"Gabriel Marquez","twitter_card":"summary_large_image","twitter_creator":"@gblmarquez","twitter_site":"@nfe_io","twitter_misc":{"Written by":"Gabriel Marquez","Est. reading time":"7 minutes"},"schema":{"@context":"https:\/\/schema.org","@graph":[{"@type":"Article","@id":"https:\/\/nfe.io\/blog\/gestao-empresarial\/o-que-e-pro-labore\/#article","isPartOf":{"@id":"https:\/\/nfe.io\/blog\/gestao-empresarial\/o-que-e-pro-labore\/"},"author":{"name":"Gabriel Marquez","@id":"https:\/\/nfe.io\/blog\/#\/schema\/person\/5dba936eb6ef9ce2b7cd1bf6fb7aad11"},"headline":"O que \u00e9 pr\u00f3-labore, como funciona e como calcular?","datePublished":"2021-06-22T11:00:18+00:00","dateModified":"2022-03-17T21:09:18+00:00","mainEntityOfPage":{"@id":"https:\/\/nfe.io\/blog\/gestao-empresarial\/o-que-e-pro-labore\/"},"wordCount":1309,"commentCount":0,"publisher":{"@id":"https:\/\/nfe.io\/blog\/#organization"},"image":{"@id":"https:\/\/nfe.io\/blog\/gestao-empresarial\/o-que-e-pro-labore\/#primaryimage"},"thumbnailUrl":"https:\/\/nfe.io\/blog\/app\/uploads\/2021\/05\/o-que-e-pro-labore.png","articleSection":["Gest\u00e3o Empresarial"],"inLanguage":"en-US","potentialAction":[{"@type":"CommentAction","name":"Comment","target":["https:\/\/nfe.io\/blog\/gestao-empresarial\/o-que-e-pro-labore\/#respond"]}]},{"@type":"WebPage","@id":"https:\/\/nfe.io\/blog\/gestao-empresarial\/o-que-e-pro-labore\/","url":"https:\/\/nfe.io\/blog\/gestao-empresarial\/o-que-e-pro-labore\/","name":"O que \u00e9 pr\u00f3-labore e como calcular?","isPartOf":{"@id":"https:\/\/nfe.io\/blog\/#website"},"primaryImageOfPage":{"@id":"https:\/\/nfe.io\/blog\/gestao-empresarial\/o-que-e-pro-labore\/#primaryimage"},"image":{"@id":"https:\/\/nfe.io\/blog\/gestao-empresarial\/o-que-e-pro-labore\/#primaryimage"},"thumbnailUrl":"https:\/\/nfe.io\/blog\/app\/uploads\/2021\/05\/o-que-e-pro-labore.png","datePublished":"2021-06-22T11:00:18+00:00","dateModified":"2022-03-17T21:09:18+00:00","description":"Saber o que \u00e9 o pr\u00f3-labore, remunera\u00e7\u00e3o paga aos s\u00f3cios, \u00e9 essencial para o sucesso de uma empresa. Confira regras e como definir esse valor","breadcrumb":{"@id":"https:\/\/nfe.io\/blog\/gestao-empresarial\/o-que-e-pro-labore\/#breadcrumb"},"inLanguage":"en-US","potentialAction":[{"@type":"ReadAction","target":["https:\/\/nfe.io\/blog\/gestao-empresarial\/o-que-e-pro-labore\/"]}]},{"@type":"ImageObject","inLanguage":"en-US","@id":"https:\/\/nfe.io\/blog\/gestao-empresarial\/o-que-e-pro-labore\/#primaryimage","url":"https:\/\/nfe.io\/blog\/app\/uploads\/2021\/05\/o-que-e-pro-labore.png","contentUrl":"https:\/\/nfe.io\/blog\/app\/uploads\/2021\/05\/o-que-e-pro-labore.png","width":700,"height":500,"caption":"o que \u00e9 pr\u00f3-labore"},{"@type":"BreadcrumbList","@id":"https:\/\/nfe.io\/blog\/gestao-empresarial\/o-que-e-pro-labore\/#breadcrumb","itemListElement":[{"@type":"ListItem","position":1,"name":"Home","item":"https:\/\/nfe.io\/blog\/"},{"@type":"ListItem","position":2,"name":"O que \u00e9 pr\u00f3-labore, como funciona e como calcular?"}]},{"@type":"WebSite","@id":"https:\/\/nfe.io\/blog\/#website","url":"https:\/\/nfe.io\/blog\/","name":"NFE.io Blog","description":"Automatize Suas Obriga\u00e7\u00f5es Fiscais com Efici\u00eancia","publisher":{"@id":"https:\/\/nfe.io\/blog\/#organization"},"alternateName":"NFE.io","potentialAction":[{"@type":"SearchAction","target":{"@type":"EntryPoint","urlTemplate":"https:\/\/nfe.io\/blog\/?s={search_term_string}"},"query-input":{"@type":"PropertyValueSpecification","valueRequired":true,"valueName":"search_term_string"}}],"inLanguage":"en-US"},{"@type":"Organization","@id":"https:\/\/nfe.io\/blog\/#organization","name":"NFE io","alternateName":"NFE","url":"https:\/\/nfe.io\/blog\/","logo":{"@type":"ImageObject","inLanguage":"en-US","@id":"https:\/\/nfe.io\/blog\/#\/schema\/logo\/image\/","url":"https:\/\/nfe.io\/blog\/app\/uploads\/2020\/06\/logofooter.png","contentUrl":"https:\/\/nfe.io\/blog\/app\/uploads\/2020\/06\/logofooter.png","width":143,"height":41,"caption":"NFE io"},"image":{"@id":"https:\/\/nfe.io\/blog\/#\/schema\/logo\/image\/"},"sameAs":["https:\/\/www.facebook.com\/nfe.io","https:\/\/x.com\/nfe_io","https:\/\/github.com\/nfe","https:\/\/www.linkedin.com\/company\/10407705\/","https:\/\/www.youtube.com\/channel\/UCB1PFw8rxeIN64k_t5FWEAQ","https:\/\/www.instagram.com\/nfe.io\/"]},{"@type":"Person","@id":"https:\/\/nfe.io\/blog\/#\/schema\/person\/5dba936eb6ef9ce2b7cd1bf6fb7aad11","name":"Gabriel Marquez","image":{"@type":"ImageObject","inLanguage":"en-US","@id":"https:\/\/nfe.io\/blog\/#\/schema\/person\/image\/","url":"https:\/\/secure.gravatar.com\/avatar\/b9c35eac9573908c93a925466c8998ae2075037e3ccc57d03dea6faba89907ba?s=96&d=wp_user_avatar&r=g","contentUrl":"https:\/\/secure.gravatar.com\/avatar\/b9c35eac9573908c93a925466c8998ae2075037e3ccc57d03dea6faba89907ba?s=96&d=wp_user_avatar&r=g","caption":"Gabriel Marquez"},"description":"Empreendedor e Fundador da NFE.io e outras startups. Focado em ajudar empreendedores a escalar seus neg\u00f3cios. Interessado? Marque um papo!","sameAs":["https:\/\/nfe.io","https:\/\/fb.com\/gblmarquez","https:\/\/br.linkedin.com\/in\/gblmarquez","https:\/\/x.com\/gblmarquez"],"url":"https:\/\/nfe.io\/blog\/author\/gabrielmarquez\/"}]}},"_links":{"self":[{"href":"https:\/\/nfe.io\/blog\/wp-json\/wp\/v2\/posts\/9490","targetHints":{"allow":["GET"]}}],"collection":[{"href":"https:\/\/nfe.io\/blog\/wp-json\/wp\/v2\/posts"}],"about":[{"href":"https:\/\/nfe.io\/blog\/wp-json\/wp\/v2\/types\/post"}],"author":[{"embeddable":true,"href":"https:\/\/nfe.io\/blog\/wp-json\/wp\/v2\/users\/2"}],"replies":[{"embeddable":true,"href":"https:\/\/nfe.io\/blog\/wp-json\/wp\/v2\/comments?post=9490"}],"version-history":[{"count":0,"href":"https:\/\/nfe.io\/blog\/wp-json\/wp\/v2\/posts\/9490\/revisions"}],"wp:featuredmedia":[{"embeddable":true,"href":"https:\/\/nfe.io\/blog\/wp-json\/wp\/v2\/media\/9491"}],"wp:attachment":[{"href":"https:\/\/nfe.io\/blog\/wp-json\/wp\/v2\/media?parent=9490"}],"wp:term":[{"taxonomy":"category","embeddable":true,"href":"https:\/\/nfe.io\/blog\/wp-json\/wp\/v2\/categories?post=9490"},{"taxonomy":"post_tag","embeddable":true,"href":"https:\/\/nfe.io\/blog\/wp-json\/wp\/v2\/tags?post=9490"}],"curies":[{"name":"wp","href":"https:\/\/api.w.org\/{rel}","templated":true}]}}