{"id":9225,"date":"2021-04-08T08:00:18","date_gmt":"2021-04-08T11:00:18","guid":{"rendered":"https:\/\/nfe.io\/blog\/?p=9225"},"modified":"2022-03-17T15:57:00","modified_gmt":"2022-03-17T18:57:00","slug":"qualificacao-cadastral-esocial","status":"publish","type":"post","link":"https:\/\/nfe.io\/blog\/gestao-empresarial\/qualificacao-cadastral-esocial\/","title":{"rendered":"Qualifica\u00e7\u00e3o cadastral eSocial: o que \u00e9 e como consultar?"},"content":{"rendered":"<p><span style=\"font-weight: 400;\">Qualifica\u00e7\u00e3o cadastral eSocial \u00e9 um <\/span><b>processo que tem por objetivo realizar a regulariza\u00e7\u00e3o do cadastro dos colaboradores de uma empresa em seu banco de dados<\/b><span style=\"font-weight: 400;\">.<\/span><\/p>\n<p><span style=\"font-weight: 400;\">A ideia \u00e9 <\/span><b>identificar poss\u00edveis diverg\u00eancias<\/b><span style=\"font-weight: 400;\"> entre esse banco de dados, o Cadastro de Pessoas F\u00edsicas (CPF) e o Cadastro Nacional de Informa\u00e7\u00f5es Sociais (CNIS) e, desse modo, garantir a confiabilidade e a credibilidade das informa\u00e7\u00f5es que ser\u00e3o enviadas.<\/span><\/p>\n<p><span style=\"font-weight: 400;\">A qualifica\u00e7\u00e3o cadastral eSocial evita que os eventos transmitidos sejam rejeitados, o que pode resultar em atraso na entrega das informa\u00e7\u00f5es e diversos outros transtornos.<\/span><\/p>\n<p><span style=\"font-weight: 400;\">Vale lembrar que o <\/span><span style=\"font-weight: 400;\">eSocial<\/span><span style=\"font-weight: 400;\"> \u00e9 um sistema do governo federal com obrigatoriedade de uso desde 2018. Ele foi criado para unificar o envio das obriga\u00e7\u00f5es acess\u00f3rias trabalhistas das empresas.\u00a0<\/span><\/p>\n<p><span style=\"font-weight: 400;\">No entanto, o processo de qualifica\u00e7\u00e3o cadastral eSocial acaba n\u00e3o sendo feito por todos os empregadores.\u00a0<\/span><\/p>\n<p><span style=\"font-weight: 400;\">Voc\u00ea sabe como realizar esse procedimento? Ent\u00e3o confira agora o passo a passo e garanta o envio de informa\u00e7\u00f5es livre de falhas!<\/span><\/p>\n<p><span data-sheets-value=\"{&quot;1&quot;:2,&quot;2&quot;:&quot; \n\n\t&lt;div class=&quot;cta-blog dark bar&quot; id=&quot;9225&quot;&gt;\n\n\t\t&lt;div class=&quot;cta-title&quot;&gt;\n\t\t\t&lt;h3&gt; &lt;\/h3&gt;\n\t\t&lt;\/div&gt;\n\n\t\t&lt;div class=&quot;cta-content&quot;&gt;\n\t\t\t&lt;p&gt;&lt;\/p&gt;\n\t\t&lt;\/div&gt;\n\n\t\t&lt;div class=&quot;cta-area&quot;&gt;\n\n\t\t\t&lt;!-- &lt;div class=&quot;left&quot;&gt;\n\t\t\t\t&lt;h5&gt;&lt;\/h5&gt;\n\t\t\t\t&lt;div id=&quot;subtitle&quot;&gt;&lt;\/div&gt;\n\t\t\t&lt;\/div&gt; --&gt;\n\n\t\t\t&lt;!-- &lt;div class=&quot;right&quot;&gt; --&gt;\n\t\t\t\t\t\t\t&lt;!-- &lt;\/div&gt; --&gt;\n\n\t\t&lt;\/div&gt;\n\n\t&lt;\/div&gt;\n\n\t&quot;}\" data-sheets-userformat=\"{&quot;2&quot;:705,&quot;3&quot;:{&quot;1&quot;:0},&quot;9&quot;:1,&quot;10&quot;:1,&quot;12&quot;:0}\"><\/span><\/p>\n<h2>O que \u00e9 a consulta de qualifica\u00e7\u00e3o cadastral eSocial?<\/h2>\n<p><span style=\"font-weight: 400;\">A consulta de qualifica\u00e7\u00e3o cadastral eSocial \u00e9 um <\/span><b>processo que permite \u00e0s empresas fazer uma compara\u00e7\u00e3o<\/b><span style=\"font-weight: 400;\"> entre os dados dos empregados contidos no seu cadastro interno com os informados no Cadastro de Pessoas F\u00edsicas (CPF) e no Cadastro Nacional de Informa\u00e7\u00f5es Sociais (CNIS).<\/span><\/p>\n<p><span style=\"font-weight: 400;\">O objetivo dessa consulta \u00e9 garantir que n\u00e3o haja diverg\u00eancia nas informa\u00e7\u00f5es nos eventos que ser\u00e3o transmitidos.<\/span><\/p>\n<p><span style=\"font-weight: 400;\">Quando esse tipo de problema acontece, a empresa n\u00e3o consegue cumprir com a obrigatoriedade do envio das suas obriga\u00e7\u00f5es trabalhistas, previdenci\u00e1rias e <\/span><a href=\"https:\/\/nfe.io\/blog\/financeiro\/o-que-e-governanca-tributaria\/\" target=\"_blank\" rel=\"noopener\"><span style=\"font-weight: 400;\">tribut\u00e1rias<\/span><\/a><span style=\"font-weight: 400;\"> pelo sistema do eSocial.<\/span><\/p>\n<p><span style=\"font-weight: 400;\">Esse, por sua vez, se tornou obrigat\u00f3rio desde 2018.\u00a0<\/span><\/p>\n<p><span style=\"font-weight: 400;\">Criado e institu\u00eddo pelo governo federal, o Sistema de Escritura\u00e7\u00e3o Fiscal Digital das Obriga\u00e7\u00f5es Fiscais Previdenci\u00e1rias e Trabalhistas (eSocial), essa ferramenta unificou a entrega de todas as obriga\u00e7\u00f5es referentes \u00e0 \u00e1rea trabalhista das empresas.<\/span><\/p>\n<p><span style=\"font-weight: 400;\">A n\u00e3o utiliza\u00e7\u00e3o do eSocial, ou o atraso nas entregas, \u00e9 pass\u00edvel de multas, que variam conforme a informa\u00e7\u00e3o que n\u00e3o foi transmitida.<\/span><\/p>\n<p><span style=\"font-weight: 400;\">N\u00e3o informar a admiss\u00e3o de um novo colaborador, por exemplo, pode variar entre R$ 402,53 a R$ 805,06 por empregado.<\/span><\/p>\n<p><span style=\"font-weight: 400;\">J\u00e1 n\u00e3o informar sobre atualiza\u00e7\u00e3o de dados cadastrais ou contratuais, pode gerar uma multa entre R$ 201,27 a R$ 402,54.<\/span><\/p>\n<p><span style=\"font-weight: 400;\">Em diversos casos, se a empresa for reincidente na falha, as multas podem ter os seus valores dobrados.<\/span><\/p>\n<p><span style=\"font-weight: 400;\">Dica de leitura: \u201c<\/span><a href=\"https:\/\/nfe.io\/blog\/nota-fiscal\/multa-nao-emitir-nota-fiscal\/\" target=\"_blank\" rel=\"noopener\"><span style=\"font-weight: 400;\">Multa por n\u00e3o emitir nota fiscal: 6 situa\u00e7\u00f5es que merecem a sua aten\u00e7\u00e3o<\/span><\/a><span style=\"font-weight: 400;\">\u201d<\/span><\/p>\n<h2>Como consultar a qualifica\u00e7\u00e3o cadastral eSocial?<\/h2>\n<p><span style=\"font-weight: 400;\">O processo de consulta de qualifica\u00e7\u00e3o cadastral eSocial \u00e9 realizado por meio de um <\/span><b>aplicativo disponibilizado pelo pr\u00f3prio sistema<\/b><span style=\"font-weight: 400;\">.<\/span><\/p>\n<p><span style=\"font-weight: 400;\">A op\u00e7\u00e3o \u201cconsulta on-line\u201d possibilita a pesquisa de at\u00e9 10 funcion\u00e1rios ao mesmo tempo, diretamente na tela.<\/span><\/p>\n<p><span style=\"font-weight: 400;\">Para pesquisas maiores, o indicado \u00e9 a \u201cconsulta em lote\u201d. Essa \u00e9 feita pelo envio de um arquivo que deve ser padronizado de acordo com o layout do sistema.<\/span><\/p>\n<p><span style=\"font-weight: 400;\">Empresas que contam com grande n\u00famero de colaboradores e precisam realizar consulta em lote precisam ter um <\/span><a href=\"https:\/\/nfe.io\/blog\/nota-fiscal\/certificado-digital-emissao-nota-fiscal-eletronica\/\" target=\"_blank\" rel=\"noopener\"><span style=\"font-weight: 400;\">Certificado Digital<\/span><\/a><span style=\"font-weight: 400;\"> para acesso ao sistema.<\/span><\/p>\n<p><span style=\"font-weight: 400;\">Sobre essa ferramenta, n\u00e3o deixe de ler o artigo \u201c<\/span><a href=\"https:\/\/nfe.io\/blog\/nota-fiscal\/o-que-e-para-que-serve-certificado-digital\/\" target=\"_blank\" rel=\"noopener\"><span style=\"font-weight: 400;\">O que \u00e9 Certificado Digital? Para que serve? O que \u00e9 preciso para obter um e como fazer isso com desconto?<\/span><\/a><span style=\"font-weight: 400;\">\u201d<\/span><\/p>\n<p><span style=\"font-weight: 400;\">Confira, agora, o passo a passo de como realizar a qualifica\u00e7\u00e3o cadastral eSocial.<\/span><\/p>\n<ol>\n<li><span style=\"font-weight: 400;\"> Acesse o portal do eSocial neste endere\u00e7o: <\/span><a href=\"https:\/\/www.gov.br\/esocial\/pt-br\" target=\"_blank\" rel=\"noopener\"><span style=\"font-weight: 400;\">https:\/\/www.gov.br\/esocial\/pt-br<\/span><\/a><\/li>\n<li><span style=\"font-weight: 400;\"> Clique no bot\u00e3o \u201cAcesse\u201d, conforme mostra a c\u00f3pia de tela abaixo<\/span><\/li>\n<\/ol>\n<p><img loading=\"lazy\" decoding=\"async\" class=\"aligncenter wp-image-9226\" src=\"https:\/\/nfe.io\/blog\/app\/uploads\/2021\/03\/qualificacao-cadastral-esocial-1-1024x379.png\" alt=\"qualifica\u00e7\u00e3o cadastral esocial \" width=\"700\" height=\"259\" srcset=\"https:\/\/nfe.io\/blog\/app\/uploads\/2021\/03\/qualificacao-cadastral-esocial-1-1024x379.png 1024w, https:\/\/nfe.io\/blog\/app\/uploads\/2021\/03\/qualificacao-cadastral-esocial-1-300x111.png 300w, https:\/\/nfe.io\/blog\/app\/uploads\/2021\/03\/qualificacao-cadastral-esocial-1-768x284.png 768w, https:\/\/nfe.io\/blog\/app\/uploads\/2021\/03\/qualificacao-cadastral-esocial-1.png 1515w\" sizes=\"auto, (max-width: 700px) 100vw, 700px\" \/><\/p>\n<ol start=\"3\">\n<li><span style=\"font-weight: 400;\"> Em seguida, clique em \u201cQualifica\u00e7\u00e3o Cadastral\u201d, no final da p\u00e1gina<\/span><\/li>\n<\/ol>\n<p><img loading=\"lazy\" decoding=\"async\" class=\"aligncenter wp-image-9227\" src=\"https:\/\/nfe.io\/blog\/app\/uploads\/2021\/03\/qualificacao-cadastral-esocial-2-1024x712.png\" alt=\"qualifica\u00e7\u00e3o cadastral esocial\" width=\"700\" height=\"487\" srcset=\"https:\/\/nfe.io\/blog\/app\/uploads\/2021\/03\/qualificacao-cadastral-esocial-2-1024x712.png 1024w, https:\/\/nfe.io\/blog\/app\/uploads\/2021\/03\/qualificacao-cadastral-esocial-2-300x209.png 300w, https:\/\/nfe.io\/blog\/app\/uploads\/2021\/03\/qualificacao-cadastral-esocial-2-768x534.png 768w, https:\/\/nfe.io\/blog\/app\/uploads\/2021\/03\/qualificacao-cadastral-esocial-2.png 1292w\" sizes=\"auto, (max-width: 700px) 100vw, 700px\" \/><\/p>\n<ol start=\"4\">\n<li><span style=\"font-weight: 400;\"> O link direcionar\u00e1 para uma tela com informa\u00e7\u00f5es sobre a qualifica\u00e7\u00e3o cadastral esocial e, no final da p\u00e1gina, lhe dar\u00e1 tr\u00eas op\u00e7\u00f5es: \u201cConsulta Qualifica\u00e7\u00e3o Cadastral on-line\u201d; \u201cConsulta Qualifica\u00e7\u00e3o Cadastral em lote\u201d e \u201cPerguntas Frequentes &#8211; Qualifica\u00e7\u00e3o Cadastral\u201d.<\/span><\/li>\n<\/ol>\n<p><img loading=\"lazy\" decoding=\"async\" class=\"aligncenter wp-image-9228\" src=\"https:\/\/nfe.io\/blog\/app\/uploads\/2021\/03\/qualificacao-cadastral-esocial-3-1024x890.png\" alt=\"qualifica\u00e7\u00e3o cadastral esocial\" width=\"700\" height=\"609\" srcset=\"https:\/\/nfe.io\/blog\/app\/uploads\/2021\/03\/qualificacao-cadastral-esocial-3-1024x890.png 1024w, https:\/\/nfe.io\/blog\/app\/uploads\/2021\/03\/qualificacao-cadastral-esocial-3-300x261.png 300w, https:\/\/nfe.io\/blog\/app\/uploads\/2021\/03\/qualificacao-cadastral-esocial-3-768x668.png 768w, https:\/\/nfe.io\/blog\/app\/uploads\/2021\/03\/qualificacao-cadastral-esocial-3.png 1033w\" sizes=\"auto, (max-width: 700px) 100vw, 700px\" \/><\/p>\n<ol start=\"5\">\n<li><span style=\"font-weight: 400;\"> Se clicar, por exemplo, em \u201cConsulta Qualifica\u00e7\u00e3o Cadastral on-line\u201d, a tela seguinte trar\u00e1 mais algumas orienta\u00e7\u00f5es e, no final, o bot\u00e3o \u201cConsulta on-line\u201d que abrir\u00e1 o seguinte formul\u00e1rio:<\/span><\/li>\n<\/ol>\n<p><img loading=\"lazy\" decoding=\"async\" class=\"aligncenter wp-image-9229\" src=\"https:\/\/nfe.io\/blog\/app\/uploads\/2021\/03\/qualificacao-cadastral-esocial-4-1024x274.png\" alt=\"qualifica\u00e7\u00e3o cadastral esocial\" width=\"700\" height=\"187\" srcset=\"https:\/\/nfe.io\/blog\/app\/uploads\/2021\/03\/qualificacao-cadastral-esocial-4-1024x274.png 1024w, https:\/\/nfe.io\/blog\/app\/uploads\/2021\/03\/qualificacao-cadastral-esocial-4-300x80.png 300w, https:\/\/nfe.io\/blog\/app\/uploads\/2021\/03\/qualificacao-cadastral-esocial-4-768x206.png 768w, https:\/\/nfe.io\/blog\/app\/uploads\/2021\/03\/qualificacao-cadastral-esocial-4.png 1864w\" sizes=\"auto, (max-width: 700px) 100vw, 700px\" \/><\/p>\n<p><em><b>Dica extra<\/b><\/em><span style=\"font-weight: 400;\">: caso queira, voc\u00ea pode encurtar esse percurso clicando <\/span><a href=\"http:\/\/consultacadastral.inss.gov.br\/Esocial\/pages\/index.xhtml\" target=\"_blank\" rel=\"noopener\"><span style=\"font-weight: 400;\">neste link para consulta on-line<\/span><\/a><span style=\"font-weight: 400;\"> (at\u00e9 10 empregados) e <\/span><a href=\"https:\/\/esociallote.dataprev.gov.br\/\" target=\"_blank\" rel=\"noopener\"><span style=\"font-weight: 400;\">neste link para consulta em lote<\/span><\/a><span style=\"font-weight: 400;\"> (mais de 10 empregados).<\/span><\/p>\n<h2>Quando se inicia o processo de qualifica\u00e7\u00e3o cadastral eSocial?<\/h2>\n<p><span style=\"font-weight: 400;\">O fluxo do processo de qualifica\u00e7\u00e3o cadastral eSocial tem essa sequ\u00eancia:<\/span><\/p>\n<ul>\n<li style=\"font-weight: 400;\" aria-level=\"1\"><span style=\"font-weight: 400;\">o <\/span><a href=\"https:\/\/digilandia.io\/gestao-e-lideranca\/boas-praticas-de-rh\/\" target=\"_blank\" rel=\"noopener\"><span style=\"font-weight: 400;\">RH<\/span><\/a><span style=\"font-weight: 400;\"> emite o arquivo de remessa do Sistema de Escritura\u00e7\u00e3o Fiscal Digital das Obriga\u00e7\u00f5es Fiscais Previdenci\u00e1rias e Trabalhistas;<\/span><\/li>\n<li style=\"font-weight: 400;\" aria-level=\"1\"><span style=\"font-weight: 400;\">ap\u00f3s o upload do arquivo .txt no site do governo, \u00e9 preciso aguardar 48 horas para fazer a valida\u00e7\u00e3o das informa\u00e7\u00f5es, ou seja, a qualifica\u00e7\u00e3o;<\/span><\/li>\n<li style=\"font-weight: 400;\" aria-level=\"1\"><span style=\"font-weight: 400;\">passado esse per\u00edodo, deve-se fazer o download do arquivo de retorno. Nele, constar\u00e3o as inconsist\u00eancias que precisam ser corrigidas antes de o eSocial entrar em vigor.<\/span><\/li>\n<\/ul>\n<p><span style=\"font-weight: 400;\">Aproveite e leia tamb\u00e9m: \u201c<\/span><a href=\"https:\/\/nfe.io\/blog\/gestao-empresarial\/rh-e-financeiro\/\" target=\"_blank\" rel=\"noopener\"><span style=\"font-weight: 400;\">RH e financeiro: qual a rela\u00e7\u00e3o dessas duas \u00e1reas?<\/span><\/a><span style=\"font-weight: 400;\">\u201d<\/span><\/p>\n<h2>O que mais voc\u00ea precisa saber sobre o eSocial?<\/h2>\n<p><span style=\"font-weight: 400;\">O Sistema de Escritura\u00e7\u00e3o Fiscal Digital das Obriga\u00e7\u00f5es Fiscais Previdenci\u00e1rias e Trabalhistas (eSocial) <\/span><b>permitiu a unifica\u00e7\u00e3o e centraliza\u00e7\u00e3o de diversas obriga\u00e7\u00f5es acess\u00f3rias trabalhistas.<\/b><\/p>\n<p><span style=\"font-weight: 400;\">Na lista de obriga\u00e7\u00f5es substitu\u00eddas pelo eSocial est\u00e3o:<\/span><\/p>\n<ul>\n<li style=\"font-weight: 400;\" aria-level=\"1\"><span style=\"font-weight: 400;\">Guia de Recolhimento do FGTS e de Informa\u00e7\u00f5es \u00e0 Previd\u00eancia Social (GFIP);<\/span><\/li>\n<li style=\"font-weight: 400;\" aria-level=\"1\"><span style=\"font-weight: 400;\">Cadastro Geral de Empregados e Desempregados (CAGED);<\/span><\/li>\n<li style=\"font-weight: 400;\" aria-level=\"1\"><span style=\"font-weight: 400;\">Rela\u00e7\u00e3o Anual de Informa\u00e7\u00f5es Sociais (RAIS);<\/span><\/li>\n<li style=\"font-weight: 400;\" aria-level=\"1\"><span style=\"font-weight: 400;\">Livro de Registro de Empregados (LRE);<\/span><\/li>\n<li style=\"font-weight: 400;\" aria-level=\"1\"><span style=\"font-weight: 400;\">Comunica\u00e7\u00e3o de Acidente de Trabalho (CAT);<\/span><\/li>\n<li style=\"font-weight: 400;\" aria-level=\"1\"><span style=\"font-weight: 400;\">Comunica\u00e7\u00e3o de Dispensa (CD);<\/span><\/li>\n<li style=\"font-weight: 400;\" aria-level=\"1\"><span style=\"font-weight: 400;\">Carteira de Trabalho e Previd\u00eancia Social (CTPS);<\/span><\/li>\n<li style=\"font-weight: 400;\" aria-level=\"1\"><span style=\"font-weight: 400;\">Perfil Profissiogr\u00e1fico Previdenci\u00e1rio (PPP);<\/span><\/li>\n<li style=\"font-weight: 400;\" aria-level=\"1\"><span style=\"font-weight: 400;\">Declara\u00e7\u00e3o do Imposto de Renda Retido na Fonte (DIRF);<\/span><\/li>\n<li style=\"font-weight: 400;\" aria-level=\"1\"><span style=\"font-weight: 400;\">Declara\u00e7\u00e3o de D\u00e9bitos e Cr\u00e9ditos Tribut\u00e1rios Federais (DCTF);<\/span><\/li>\n<li style=\"font-weight: 400;\" aria-level=\"1\"><span style=\"font-weight: 400;\">Quadro de Hor\u00e1rio de Trabalho (QHT);<\/span><\/li>\n<li style=\"font-weight: 400;\" aria-level=\"1\"><span style=\"font-weight: 400;\">Manual Normativo de Arquivos Digitais (MANAD);<\/span><\/li>\n<li style=\"font-weight: 400;\" aria-level=\"1\"><span style=\"font-weight: 400;\">Folha de pagamento;<\/span><\/li>\n<li style=\"font-weight: 400;\" aria-level=\"1\"><span style=\"font-weight: 400;\">Guia de Recolhimento do FGTS (GRF);<\/span><\/li>\n<li style=\"font-weight: 400;\" aria-level=\"1\"><span style=\"font-weight: 400;\">Guia de Recolhimento Rescis\u00f3rio do FGTS (GRRF);<\/span><\/li>\n<li style=\"font-weight: 400;\" aria-level=\"1\"><span style=\"font-weight: 400;\">Guia da Previd\u00eancia Social (GPS).<\/span><\/li>\n<\/ul>\n<p><span style=\"font-weight: 400;\">A ferramenta tamb\u00e9m contribui para <\/span><b>melhorar a fiscaliza\u00e7\u00e3o quanto ao cumprimento das legisla\u00e7\u00f5es vigentes<\/b><span style=\"font-weight: 400;\">, ajudando a combater a sonega\u00e7\u00e3o relativa a processos de empregados.<\/span><\/p>\n<p><span style=\"font-weight: 400;\">Os dados do cadastro das empresas s\u00e3o comparados com as informa\u00e7\u00f5es contidas no banco de dados da Receita Federal, Previd\u00eancia Social e Caixa Econ\u00f4mica Federal.<\/span><\/p>\n<p><span style=\"font-weight: 400;\">Para os colaboradores, o eSocial ajuda a <\/span><b>garantir os direitos trabalhistas e previdenci\u00e1rios<\/b><span style=\"font-weight: 400;\">.\u00a0<\/span><\/p>\n<p><span style=\"font-weight: 400;\">J\u00e1 para as empresas, a centraliza\u00e7\u00e3o do envio das informa\u00e7\u00f5es contribui para aumentar a <\/span><a href=\"https:\/\/nfe.io\/blog\/gestao-empresarial\/como-melhorar-produtividade-empresa\/\" target=\"_blank\" rel=\"noopener\"><span style=\"font-weight: 400;\">produtividade<\/span><\/a><span style=\"font-weight: 400;\"> desse processo e diminuir as chances de erros, especialmente com o uso da qualifica\u00e7\u00e3o cadastral eSocial.<\/span><\/p>\n<p><span style=\"font-weight: 400;\">Que tal outras informa\u00e7\u00f5es que v\u00e3o colaborar para a sua empresa atender todas as legisla\u00e7\u00f5es vigentes?\u00a0<\/span><\/p>\n<p><span style=\"font-weight: 400;\">Ent\u00e3o n\u00e3o deixe de ler o artigo: \u201c<\/span><a href=\"https:\/\/nfe.io\/blog\/financeiro\/o-que-e-dctfweb\/\" target=\"_blank\" rel=\"noopener\"><span style=\"font-weight: 400;\">Descubra o que \u00e9 DCTFWeb e como fazer o envio dessa declara\u00e7\u00e3o para ficar em dia com a legisla\u00e7\u00e3o fiscal e tribut\u00e1ria<\/span><\/a><span style=\"font-weight: 400;\">\u201d<\/span><\/p>\n<p><span data-sheets-value=\"{&quot;1&quot;:2,&quot;2&quot;:&quot; \n\n\t&lt;div class=&quot;cta-blog dark bar&quot; id=&quot;9225&quot;&gt;\n\n\t\t&lt;div class=&quot;cta-title&quot;&gt;\n\t\t\t&lt;h3&gt; &lt;\/h3&gt;\n\t\t&lt;\/div&gt;\n\n\t\t&lt;div class=&quot;cta-content&quot;&gt;\n\t\t\t&lt;p&gt;&lt;\/p&gt;\n\t\t&lt;\/div&gt;\n\n\t\t&lt;div class=&quot;cta-area&quot;&gt;\n\n\t\t\t&lt;!-- &lt;div class=&quot;left&quot;&gt;\n\t\t\t\t&lt;h5&gt;&lt;\/h5&gt;\n\t\t\t\t&lt;div id=&quot;subtitle&quot;&gt;&lt;\/div&gt;\n\t\t\t&lt;\/div&gt; --&gt;\n\n\t\t\t&lt;!-- &lt;div class=&quot;right&quot;&gt; --&gt;\n\t\t\t\t\t\t\t&lt;!-- &lt;\/div&gt; --&gt;\n\n\t\t&lt;\/div&gt;\n\n\t&lt;\/div&gt;\n\n\t&quot;}\" data-sheets-userformat=\"{&quot;2&quot;:707,&quot;3&quot;:{&quot;1&quot;:0},&quot;4&quot;:{&quot;1&quot;:2,&quot;2&quot;:14281427},&quot;9&quot;:1,&quot;10&quot;:1,&quot;12&quot;:0}\"><\/span><\/p>\n","protected":false},"excerpt":{"rendered":"<p>Qualifica\u00e7\u00e3o cadastral eSocial \u00e9 um processo que tem por objetivo realizar a regulariza\u00e7\u00e3o do cadastro dos colaboradores de uma empresa em seu banco&#8230;<\/p>\n","protected":false},"author":2,"featured_media":9235,"comment_status":"open","ping_status":"closed","sticky":false,"template":"","format":"standard","meta":{"_acf_changed":false,"footnotes":""},"categories":[7],"tags":[],"class_list":["post-9225","post","type-post","status-publish","format-standard","has-post-thumbnail","hentry","category-gestao-empresarial"],"acf":[],"yoast_head":"<!-- This site is optimized with the Yoast SEO plugin v25.1 - https:\/\/yoast.com\/wordpress\/plugins\/seo\/ -->\n<title>O que \u00e9 qualifica\u00e7\u00e3o cadastral esocial? Como consultar?<\/title>\n<meta name=\"description\" content=\"A qualifica\u00e7\u00e3o cadastral esocial \u00e9 um processo que verifica diverg\u00eancias entre banco de dados. Confira sua import\u00e2ncia e como utilizar\" \/>\n<meta name=\"robots\" content=\"index, follow, max-snippet:-1, max-image-preview:large, max-video-preview:-1\" \/>\n<link rel=\"canonical\" href=\"https:\/\/nfe.io\/blog\/gestao-empresarial\/qualificacao-cadastral-esocial\/\" \/>\n<meta property=\"og:locale\" content=\"en_US\" \/>\n<meta property=\"og:type\" content=\"article\" \/>\n<meta property=\"og:title\" content=\"O que \u00e9 qualifica\u00e7\u00e3o cadastral esocial? Como consultar?\" \/>\n<meta property=\"og:description\" content=\"A qualifica\u00e7\u00e3o cadastral esocial \u00e9 um processo que verifica diverg\u00eancias entre banco de dados. Confira sua import\u00e2ncia e como utilizar\" \/>\n<meta property=\"og:url\" content=\"https:\/\/nfe.io\/blog\/gestao-empresarial\/qualificacao-cadastral-esocial\/\" \/>\n<meta property=\"og:site_name\" content=\"NFE.io Blog\" \/>\n<meta property=\"article:publisher\" content=\"https:\/\/www.facebook.com\/nfe.io\" \/>\n<meta property=\"article:author\" content=\"https:\/\/fb.com\/gblmarquez\" \/>\n<meta property=\"article:published_time\" content=\"2021-04-08T11:00:18+00:00\" \/>\n<meta property=\"article:modified_time\" content=\"2022-03-17T18:57:00+00:00\" \/>\n<meta property=\"og:image\" content=\"https:\/\/nfe.io\/blog\/app\/uploads\/2021\/04\/qualificacao-cadastral-esocial-1.png\" \/>\n\t<meta property=\"og:image:width\" content=\"700\" \/>\n\t<meta property=\"og:image:height\" content=\"500\" \/>\n\t<meta property=\"og:image:type\" content=\"image\/png\" \/>\n<meta name=\"author\" content=\"Gabriel Marquez\" \/>\n<meta name=\"twitter:card\" content=\"summary_large_image\" \/>\n<meta name=\"twitter:creator\" content=\"@gblmarquez\" \/>\n<meta name=\"twitter:site\" content=\"@nfe_io\" \/>\n<meta name=\"twitter:label1\" content=\"Written by\" \/>\n\t<meta name=\"twitter:data1\" content=\"Gabriel Marquez\" \/>\n\t<meta name=\"twitter:label2\" content=\"Est. reading time\" \/>\n\t<meta name=\"twitter:data2\" content=\"7 minutes\" \/>\n<script type=\"application\/ld+json\" class=\"yoast-schema-graph\">{\"@context\":\"https:\/\/schema.org\",\"@graph\":[{\"@type\":\"Article\",\"@id\":\"https:\/\/nfe.io\/blog\/gestao-empresarial\/qualificacao-cadastral-esocial\/#article\",\"isPartOf\":{\"@id\":\"https:\/\/nfe.io\/blog\/gestao-empresarial\/qualificacao-cadastral-esocial\/\"},\"author\":{\"name\":\"Gabriel Marquez\",\"@id\":\"https:\/\/nfe.io\/blog\/#\/schema\/person\/5dba936eb6ef9ce2b7cd1bf6fb7aad11\"},\"headline\":\"Qualifica\u00e7\u00e3o cadastral eSocial: o que \u00e9 e como consultar?\",\"datePublished\":\"2021-04-08T11:00:18+00:00\",\"dateModified\":\"2022-03-17T18:57:00+00:00\",\"mainEntityOfPage\":{\"@id\":\"https:\/\/nfe.io\/blog\/gestao-empresarial\/qualificacao-cadastral-esocial\/\"},\"wordCount\":1157,\"commentCount\":1,\"publisher\":{\"@id\":\"https:\/\/nfe.io\/blog\/#organization\"},\"image\":{\"@id\":\"https:\/\/nfe.io\/blog\/gestao-empresarial\/qualificacao-cadastral-esocial\/#primaryimage\"},\"thumbnailUrl\":\"https:\/\/nfe.io\/blog\/app\/uploads\/2021\/04\/qualificacao-cadastral-esocial-1.png\",\"articleSection\":[\"Gest\u00e3o Empresarial\"],\"inLanguage\":\"en-US\",\"potentialAction\":[{\"@type\":\"CommentAction\",\"name\":\"Comment\",\"target\":[\"https:\/\/nfe.io\/blog\/gestao-empresarial\/qualificacao-cadastral-esocial\/#respond\"]}]},{\"@type\":\"WebPage\",\"@id\":\"https:\/\/nfe.io\/blog\/gestao-empresarial\/qualificacao-cadastral-esocial\/\",\"url\":\"https:\/\/nfe.io\/blog\/gestao-empresarial\/qualificacao-cadastral-esocial\/\",\"name\":\"O que \u00e9 qualifica\u00e7\u00e3o cadastral esocial? Como consultar?\",\"isPartOf\":{\"@id\":\"https:\/\/nfe.io\/blog\/#website\"},\"primaryImageOfPage\":{\"@id\":\"https:\/\/nfe.io\/blog\/gestao-empresarial\/qualificacao-cadastral-esocial\/#primaryimage\"},\"image\":{\"@id\":\"https:\/\/nfe.io\/blog\/gestao-empresarial\/qualificacao-cadastral-esocial\/#primaryimage\"},\"thumbnailUrl\":\"https:\/\/nfe.io\/blog\/app\/uploads\/2021\/04\/qualificacao-cadastral-esocial-1.png\",\"datePublished\":\"2021-04-08T11:00:18+00:00\",\"dateModified\":\"2022-03-17T18:57:00+00:00\",\"description\":\"A qualifica\u00e7\u00e3o cadastral esocial \u00e9 um processo que verifica diverg\u00eancias entre banco de dados. Confira sua import\u00e2ncia e como utilizar\",\"breadcrumb\":{\"@id\":\"https:\/\/nfe.io\/blog\/gestao-empresarial\/qualificacao-cadastral-esocial\/#breadcrumb\"},\"inLanguage\":\"en-US\",\"potentialAction\":[{\"@type\":\"ReadAction\",\"target\":[\"https:\/\/nfe.io\/blog\/gestao-empresarial\/qualificacao-cadastral-esocial\/\"]}]},{\"@type\":\"ImageObject\",\"inLanguage\":\"en-US\",\"@id\":\"https:\/\/nfe.io\/blog\/gestao-empresarial\/qualificacao-cadastral-esocial\/#primaryimage\",\"url\":\"https:\/\/nfe.io\/blog\/app\/uploads\/2021\/04\/qualificacao-cadastral-esocial-1.png\",\"contentUrl\":\"https:\/\/nfe.io\/blog\/app\/uploads\/2021\/04\/qualificacao-cadastral-esocial-1.png\",\"width\":700,\"height\":500,\"caption\":\"qualifica\u00e7\u00e3o cadastral esocial\"},{\"@type\":\"BreadcrumbList\",\"@id\":\"https:\/\/nfe.io\/blog\/gestao-empresarial\/qualificacao-cadastral-esocial\/#breadcrumb\",\"itemListElement\":[{\"@type\":\"ListItem\",\"position\":1,\"name\":\"Home\",\"item\":\"https:\/\/nfe.io\/blog\/\"},{\"@type\":\"ListItem\",\"position\":2,\"name\":\"Qualifica\u00e7\u00e3o cadastral eSocial: o que \u00e9 e como consultar?\"}]},{\"@type\":\"WebSite\",\"@id\":\"https:\/\/nfe.io\/blog\/#website\",\"url\":\"https:\/\/nfe.io\/blog\/\",\"name\":\"NFE.io Blog\",\"description\":\"Automatize Suas Obriga\u00e7\u00f5es Fiscais com Efici\u00eancia\",\"publisher\":{\"@id\":\"https:\/\/nfe.io\/blog\/#organization\"},\"alternateName\":\"NFE.io\",\"potentialAction\":[{\"@type\":\"SearchAction\",\"target\":{\"@type\":\"EntryPoint\",\"urlTemplate\":\"https:\/\/nfe.io\/blog\/?s={search_term_string}\"},\"query-input\":{\"@type\":\"PropertyValueSpecification\",\"valueRequired\":true,\"valueName\":\"search_term_string\"}}],\"inLanguage\":\"en-US\"},{\"@type\":\"Organization\",\"@id\":\"https:\/\/nfe.io\/blog\/#organization\",\"name\":\"NFE io\",\"alternateName\":\"NFE\",\"url\":\"https:\/\/nfe.io\/blog\/\",\"logo\":{\"@type\":\"ImageObject\",\"inLanguage\":\"en-US\",\"@id\":\"https:\/\/nfe.io\/blog\/#\/schema\/logo\/image\/\",\"url\":\"https:\/\/nfe.io\/blog\/app\/uploads\/2020\/06\/logofooter.png\",\"contentUrl\":\"https:\/\/nfe.io\/blog\/app\/uploads\/2020\/06\/logofooter.png\",\"width\":143,\"height\":41,\"caption\":\"NFE io\"},\"image\":{\"@id\":\"https:\/\/nfe.io\/blog\/#\/schema\/logo\/image\/\"},\"sameAs\":[\"https:\/\/www.facebook.com\/nfe.io\",\"https:\/\/x.com\/nfe_io\",\"https:\/\/github.com\/nfe\",\"https:\/\/www.linkedin.com\/company\/10407705\/\",\"https:\/\/www.youtube.com\/channel\/UCB1PFw8rxeIN64k_t5FWEAQ\",\"https:\/\/www.instagram.com\/nfe.io\/\"]},{\"@type\":\"Person\",\"@id\":\"https:\/\/nfe.io\/blog\/#\/schema\/person\/5dba936eb6ef9ce2b7cd1bf6fb7aad11\",\"name\":\"Gabriel Marquez\",\"image\":{\"@type\":\"ImageObject\",\"inLanguage\":\"en-US\",\"@id\":\"https:\/\/nfe.io\/blog\/#\/schema\/person\/image\/\",\"url\":\"https:\/\/secure.gravatar.com\/avatar\/b9c35eac9573908c93a925466c8998ae2075037e3ccc57d03dea6faba89907ba?s=96&d=wp_user_avatar&r=g\",\"contentUrl\":\"https:\/\/secure.gravatar.com\/avatar\/b9c35eac9573908c93a925466c8998ae2075037e3ccc57d03dea6faba89907ba?s=96&d=wp_user_avatar&r=g\",\"caption\":\"Gabriel Marquez\"},\"description\":\"Empreendedor e Fundador da NFE.io e outras startups. Focado em ajudar empreendedores a escalar seus neg\u00f3cios. Interessado? Marque um papo!\",\"sameAs\":[\"https:\/\/nfe.io\",\"https:\/\/fb.com\/gblmarquez\",\"https:\/\/br.linkedin.com\/in\/gblmarquez\",\"https:\/\/x.com\/gblmarquez\"],\"url\":\"https:\/\/nfe.io\/blog\/author\/gabrielmarquez\/\"}]}<\/script>\n<!-- \/ Yoast SEO plugin. -->","yoast_head_json":{"title":"O que \u00e9 qualifica\u00e7\u00e3o cadastral esocial? Como consultar?","description":"A qualifica\u00e7\u00e3o cadastral esocial \u00e9 um processo que verifica diverg\u00eancias entre banco de dados. Confira sua import\u00e2ncia e como utilizar","robots":{"index":"index","follow":"follow","max-snippet":"max-snippet:-1","max-image-preview":"max-image-preview:large","max-video-preview":"max-video-preview:-1"},"canonical":"https:\/\/nfe.io\/blog\/gestao-empresarial\/qualificacao-cadastral-esocial\/","og_locale":"en_US","og_type":"article","og_title":"O que \u00e9 qualifica\u00e7\u00e3o cadastral esocial? Como consultar?","og_description":"A qualifica\u00e7\u00e3o cadastral esocial \u00e9 um processo que verifica diverg\u00eancias entre banco de dados. Confira sua import\u00e2ncia e como utilizar","og_url":"https:\/\/nfe.io\/blog\/gestao-empresarial\/qualificacao-cadastral-esocial\/","og_site_name":"NFE.io Blog","article_publisher":"https:\/\/www.facebook.com\/nfe.io","article_author":"https:\/\/fb.com\/gblmarquez","article_published_time":"2021-04-08T11:00:18+00:00","article_modified_time":"2022-03-17T18:57:00+00:00","og_image":[{"width":700,"height":500,"url":"https:\/\/nfe.io\/blog\/app\/uploads\/2021\/04\/qualificacao-cadastral-esocial-1.png","type":"image\/png"}],"author":"Gabriel Marquez","twitter_card":"summary_large_image","twitter_creator":"@gblmarquez","twitter_site":"@nfe_io","twitter_misc":{"Written by":"Gabriel Marquez","Est. reading time":"7 minutes"},"schema":{"@context":"https:\/\/schema.org","@graph":[{"@type":"Article","@id":"https:\/\/nfe.io\/blog\/gestao-empresarial\/qualificacao-cadastral-esocial\/#article","isPartOf":{"@id":"https:\/\/nfe.io\/blog\/gestao-empresarial\/qualificacao-cadastral-esocial\/"},"author":{"name":"Gabriel Marquez","@id":"https:\/\/nfe.io\/blog\/#\/schema\/person\/5dba936eb6ef9ce2b7cd1bf6fb7aad11"},"headline":"Qualifica\u00e7\u00e3o cadastral eSocial: o que \u00e9 e como consultar?","datePublished":"2021-04-08T11:00:18+00:00","dateModified":"2022-03-17T18:57:00+00:00","mainEntityOfPage":{"@id":"https:\/\/nfe.io\/blog\/gestao-empresarial\/qualificacao-cadastral-esocial\/"},"wordCount":1157,"commentCount":1,"publisher":{"@id":"https:\/\/nfe.io\/blog\/#organization"},"image":{"@id":"https:\/\/nfe.io\/blog\/gestao-empresarial\/qualificacao-cadastral-esocial\/#primaryimage"},"thumbnailUrl":"https:\/\/nfe.io\/blog\/app\/uploads\/2021\/04\/qualificacao-cadastral-esocial-1.png","articleSection":["Gest\u00e3o Empresarial"],"inLanguage":"en-US","potentialAction":[{"@type":"CommentAction","name":"Comment","target":["https:\/\/nfe.io\/blog\/gestao-empresarial\/qualificacao-cadastral-esocial\/#respond"]}]},{"@type":"WebPage","@id":"https:\/\/nfe.io\/blog\/gestao-empresarial\/qualificacao-cadastral-esocial\/","url":"https:\/\/nfe.io\/blog\/gestao-empresarial\/qualificacao-cadastral-esocial\/","name":"O que \u00e9 qualifica\u00e7\u00e3o cadastral esocial? Como consultar?","isPartOf":{"@id":"https:\/\/nfe.io\/blog\/#website"},"primaryImageOfPage":{"@id":"https:\/\/nfe.io\/blog\/gestao-empresarial\/qualificacao-cadastral-esocial\/#primaryimage"},"image":{"@id":"https:\/\/nfe.io\/blog\/gestao-empresarial\/qualificacao-cadastral-esocial\/#primaryimage"},"thumbnailUrl":"https:\/\/nfe.io\/blog\/app\/uploads\/2021\/04\/qualificacao-cadastral-esocial-1.png","datePublished":"2021-04-08T11:00:18+00:00","dateModified":"2022-03-17T18:57:00+00:00","description":"A qualifica\u00e7\u00e3o cadastral esocial \u00e9 um processo que verifica diverg\u00eancias entre banco de dados. Confira sua import\u00e2ncia e como utilizar","breadcrumb":{"@id":"https:\/\/nfe.io\/blog\/gestao-empresarial\/qualificacao-cadastral-esocial\/#breadcrumb"},"inLanguage":"en-US","potentialAction":[{"@type":"ReadAction","target":["https:\/\/nfe.io\/blog\/gestao-empresarial\/qualificacao-cadastral-esocial\/"]}]},{"@type":"ImageObject","inLanguage":"en-US","@id":"https:\/\/nfe.io\/blog\/gestao-empresarial\/qualificacao-cadastral-esocial\/#primaryimage","url":"https:\/\/nfe.io\/blog\/app\/uploads\/2021\/04\/qualificacao-cadastral-esocial-1.png","contentUrl":"https:\/\/nfe.io\/blog\/app\/uploads\/2021\/04\/qualificacao-cadastral-esocial-1.png","width":700,"height":500,"caption":"qualifica\u00e7\u00e3o cadastral esocial"},{"@type":"BreadcrumbList","@id":"https:\/\/nfe.io\/blog\/gestao-empresarial\/qualificacao-cadastral-esocial\/#breadcrumb","itemListElement":[{"@type":"ListItem","position":1,"name":"Home","item":"https:\/\/nfe.io\/blog\/"},{"@type":"ListItem","position":2,"name":"Qualifica\u00e7\u00e3o cadastral eSocial: o que \u00e9 e como consultar?"}]},{"@type":"WebSite","@id":"https:\/\/nfe.io\/blog\/#website","url":"https:\/\/nfe.io\/blog\/","name":"NFE.io Blog","description":"Automatize Suas Obriga\u00e7\u00f5es Fiscais com Efici\u00eancia","publisher":{"@id":"https:\/\/nfe.io\/blog\/#organization"},"alternateName":"NFE.io","potentialAction":[{"@type":"SearchAction","target":{"@type":"EntryPoint","urlTemplate":"https:\/\/nfe.io\/blog\/?s={search_term_string}"},"query-input":{"@type":"PropertyValueSpecification","valueRequired":true,"valueName":"search_term_string"}}],"inLanguage":"en-US"},{"@type":"Organization","@id":"https:\/\/nfe.io\/blog\/#organization","name":"NFE io","alternateName":"NFE","url":"https:\/\/nfe.io\/blog\/","logo":{"@type":"ImageObject","inLanguage":"en-US","@id":"https:\/\/nfe.io\/blog\/#\/schema\/logo\/image\/","url":"https:\/\/nfe.io\/blog\/app\/uploads\/2020\/06\/logofooter.png","contentUrl":"https:\/\/nfe.io\/blog\/app\/uploads\/2020\/06\/logofooter.png","width":143,"height":41,"caption":"NFE io"},"image":{"@id":"https:\/\/nfe.io\/blog\/#\/schema\/logo\/image\/"},"sameAs":["https:\/\/www.facebook.com\/nfe.io","https:\/\/x.com\/nfe_io","https:\/\/github.com\/nfe","https:\/\/www.linkedin.com\/company\/10407705\/","https:\/\/www.youtube.com\/channel\/UCB1PFw8rxeIN64k_t5FWEAQ","https:\/\/www.instagram.com\/nfe.io\/"]},{"@type":"Person","@id":"https:\/\/nfe.io\/blog\/#\/schema\/person\/5dba936eb6ef9ce2b7cd1bf6fb7aad11","name":"Gabriel Marquez","image":{"@type":"ImageObject","inLanguage":"en-US","@id":"https:\/\/nfe.io\/blog\/#\/schema\/person\/image\/","url":"https:\/\/secure.gravatar.com\/avatar\/b9c35eac9573908c93a925466c8998ae2075037e3ccc57d03dea6faba89907ba?s=96&d=wp_user_avatar&r=g","contentUrl":"https:\/\/secure.gravatar.com\/avatar\/b9c35eac9573908c93a925466c8998ae2075037e3ccc57d03dea6faba89907ba?s=96&d=wp_user_avatar&r=g","caption":"Gabriel Marquez"},"description":"Empreendedor e Fundador da NFE.io e outras startups. Focado em ajudar empreendedores a escalar seus neg\u00f3cios. Interessado? Marque um papo!","sameAs":["https:\/\/nfe.io","https:\/\/fb.com\/gblmarquez","https:\/\/br.linkedin.com\/in\/gblmarquez","https:\/\/x.com\/gblmarquez"],"url":"https:\/\/nfe.io\/blog\/author\/gabrielmarquez\/"}]}},"_links":{"self":[{"href":"https:\/\/nfe.io\/blog\/wp-json\/wp\/v2\/posts\/9225","targetHints":{"allow":["GET"]}}],"collection":[{"href":"https:\/\/nfe.io\/blog\/wp-json\/wp\/v2\/posts"}],"about":[{"href":"https:\/\/nfe.io\/blog\/wp-json\/wp\/v2\/types\/post"}],"author":[{"embeddable":true,"href":"https:\/\/nfe.io\/blog\/wp-json\/wp\/v2\/users\/2"}],"replies":[{"embeddable":true,"href":"https:\/\/nfe.io\/blog\/wp-json\/wp\/v2\/comments?post=9225"}],"version-history":[{"count":0,"href":"https:\/\/nfe.io\/blog\/wp-json\/wp\/v2\/posts\/9225\/revisions"}],"wp:featuredmedia":[{"embeddable":true,"href":"https:\/\/nfe.io\/blog\/wp-json\/wp\/v2\/media\/9235"}],"wp:attachment":[{"href":"https:\/\/nfe.io\/blog\/wp-json\/wp\/v2\/media?parent=9225"}],"wp:term":[{"taxonomy":"category","embeddable":true,"href":"https:\/\/nfe.io\/blog\/wp-json\/wp\/v2\/categories?post=9225"},{"taxonomy":"post_tag","embeddable":true,"href":"https:\/\/nfe.io\/blog\/wp-json\/wp\/v2\/tags?post=9225"}],"curies":[{"name":"wp","href":"https:\/\/api.w.org\/{rel}","templated":true}]}}