{"id":8709,"date":"2022-12-09T11:10:39","date_gmt":"2022-12-09T14:10:39","guid":{"rendered":"https:\/\/nfe.io\/blog\/?p=8709"},"modified":"2022-12-13T11:18:04","modified_gmt":"2022-12-13T14:18:04","slug":"o-que-e-icms-2","status":"publish","type":"post","link":"https:\/\/nfe.io\/blog\/gestao-empresarial\/o-que-e-icms-2\/","title":{"rendered":"O que \u00e9 o ICMS? Entenda as opera\u00e7\u00f5es Interestaduais e interestaduais!"},"content":{"rendered":"<p><span style=\"font-weight: 400;\">O que \u00e9 o ICMS e como funciona? \u00c9 sobre isso que vamos falar no artigo de hoje!\u00a0<\/span><\/p>\n<p><b>Em suma, ICMS quer dizer Imposto sobre Opera\u00e7\u00f5es relativas \u00e0 Circula\u00e7\u00e3o de Mercadorias e sobre Presta\u00e7\u00f5es de Servi\u00e7os de Transporte Interestadual e Intermunicipal e de Comunica\u00e7\u00e3o.\u00a0<\/b><\/p>\n<p><span style=\"font-weight: 400;\">Ou melhor, \u00e9 um tributo da esfera estadual que incide sobre produtos e servi\u00e7os de transporte.<\/span><\/p>\n<p><span style=\"font-weight: 400;\">Voc\u00ea pode n\u00e3o concordar com o modelo de tributa\u00e7\u00e3o brasileiro, mas, ainda assim, conhecer detalhes sobre impostos se torna necess\u00e1rio.\u00a0<\/span><\/p>\n<p><span style=\"font-weight: 400;\">N\u00e3o adianta dizer que nossa legisla\u00e7\u00e3o fiscal \u00e9 complexa. Independentemente disso voc\u00ea ter\u00e1 que segui-la e pagar corretamente seus impostos.<\/span><\/p>\n<p><span style=\"font-weight: 400;\">Quem tem uma empresa, afinal, sabe a confus\u00e3o que o assunto pode trazer caso os tributos n\u00e3o sejam pagos corretamente.\u00a0<\/span><\/p>\n<p><span style=\"font-weight: 400;\">Quer evitar esses problemas em sua empresa?\u00a0<\/span><\/p>\n<p><span style=\"font-weight: 400;\">Ent\u00e3o, continue lendo este artigo e aprenda tudo sobre ICMS.\u00a0<\/span><\/p>\n<h2><span style=\"font-weight: 400;\">O que \u00e9 o ICMS?<\/span><\/h2>\n<p><span style=\"font-weight: 400;\">Basicamente, ICMS significa Imposto sobre Opera\u00e7\u00f5es relativas \u00e0 Circula\u00e7\u00e3o de Mercadorias e sobre Presta\u00e7\u00f5es de Servi\u00e7os de Transporte Interestadual e Intermunicipal e de Comunica\u00e7\u00e3o.<\/span><\/p>\n<p><span style=\"font-weight: 400;\">Como vimos no in\u00edcio do texto, o ICMS \u00e9 o imposto cuja carga tribut\u00e1ria \u00e9 a de maior peso para uma empresa.<\/span><\/p>\n<p><span style=\"font-weight: 400;\">Trata-se de uma cobran\u00e7a estadual que incide sobre diversos produtos, tanto para pessoas f\u00edsicas como jur\u00eddicas.\u00a0<\/span><\/p>\n<p><span style=\"font-weight: 400;\">Atualmente, \u00e9 uma das maiores arrecada\u00e7\u00f5es e fonte de recursos dos estados brasileiros.<\/span><\/p>\n<p><span style=\"font-weight: 400;\">Quer saber mais? Assista:\u00a0<\/span><\/p>\n<p><iframe loading=\"lazy\" title=\"O Que \u00e9 ICMS? - Como Funciona o ICMS? - Substitui\u00e7\u00e3o Tributaria\" width=\"500\" height=\"281\" src=\"https:\/\/www.youtube.com\/embed\/UV81_NwO1vg?feature=oembed\" frameborder=\"0\" allow=\"accelerometer; autoplay; clipboard-write; encrypted-media; gyroscope; picture-in-picture; web-share\" referrerpolicy=\"strict-origin-when-cross-origin\" allowfullscreen><\/iframe><\/p>\n<h2><span style=\"font-weight: 400;\">Sobre o que incide o icms?<\/span><\/h2>\n<p><span style=\"font-weight: 400;\">A <\/span><a href=\"http:\/\/www.planalto.gov.br\/ccivil_03\/leis\/lcp\/lcp87.htm\"><span style=\"font-weight: 400;\">Lei complementar n\u00ba 87<\/span><\/a><span style=\"font-weight: 400;\">, criada inicialmente em 13 de setembro de 1996, \u00e9 respons\u00e1vel por regulamentar a cobran\u00e7a do ICMS.\u00a0<\/span><\/p>\n<p><span style=\"font-weight: 400;\">Tamb\u00e9m conhecida como a Lei Kandir, ela explica que o ICMS incide sobre oito opera\u00e7\u00f5es.<\/span><\/p>\n<p><span style=\"font-weight: 400;\">S\u00e3o elas:<\/span><\/p>\n<ul>\n<li style=\"font-weight: 400;\" aria-level=\"1\"><span style=\"font-weight: 400;\">Circula\u00e7\u00e3o de mercadorias;<\/span><\/li>\n<li style=\"font-weight: 400;\" aria-level=\"1\"><span style=\"font-weight: 400;\">Fornecimento de alimentos e bebidas em bares e restaurantes;<\/span><\/li>\n<li style=\"font-weight: 400;\" aria-level=\"1\"><span style=\"font-weight: 400;\">Presta\u00e7\u00e3o de servi\u00e7os de transporte interestadual e intermunicipal de pessoas, bens, mercadorias ou valores;<\/span><\/li>\n<li style=\"font-weight: 400;\" aria-level=\"1\"><span style=\"font-weight: 400;\">Presta\u00e7\u00f5es de servi\u00e7os de comunica\u00e7\u00e3o por qualquer meio;<\/span><\/li>\n<li style=\"font-weight: 400;\" aria-level=\"1\"><span style=\"font-weight: 400;\">Fornecimento de mercadorias com presta\u00e7\u00e3o de servi\u00e7os n\u00e3o compreendidos na compet\u00eancia tribut\u00e1ria dos munic\u00edpios;<\/span><\/li>\n<li style=\"font-weight: 400;\" aria-level=\"1\"><span style=\"font-weight: 400;\">Entrada de mercadoria ou bens importados do exterior<\/span><\/li>\n<li style=\"font-weight: 400;\" aria-level=\"1\"><span style=\"font-weight: 400;\">Servi\u00e7o prestado no exterior ou que tenha come\u00e7ado fora do pa\u00eds.<\/span><\/li>\n<\/ul>\n<p><span style=\"font-weight: 400;\">Leia tamb\u00e9m: <\/span><a href=\"https:\/\/nfe.io\/blog\/financeiro\/como-reduzir-carga-tributaria-empresa\/\"><span style=\"font-weight: 400;\">Como reduzir a carga tribut\u00e1ria de uma empresa sem ferir a legisla\u00e7\u00e3o<\/span><\/a><\/p>\n<p><span style=\"font-weight: 400;\">Confira este infogr\u00e1fico com um resumo das 8 incid\u00eancias:<\/span><\/p>\n<h2><span style=\"font-weight: 400;\">O que est\u00e1 isento do ICMS?\u00a0<\/span><\/h2>\n<p><span style=\"font-weight: 400;\">Em s\u00edntese, o contribuinte isento \u00e9 a pessoa jur\u00eddica que faz opera\u00e7\u00f5es sujeitas ao ICMS, contudo, por alguma vantagem concedida ou por estar em algum grupo particular, ela n\u00e3o \u00e9 obrigada a ter uma inscri\u00e7\u00e3o estadual.\u00a0<\/span><\/p>\n<p><span style=\"font-weight: 400;\">Dito de outra forma, o contribuinte n\u00e3o consegue emitir uma nota fiscal para esse consumidor, informando uma inscri\u00e7\u00e3o estadual.\u00a0<\/span><\/p>\n<p><span style=\"font-weight: 400;\">Entre os contribuintes isentos est\u00e3o:<\/span><\/p>\n<ul>\n<li style=\"font-weight: 400;\" aria-level=\"1\"><span style=\"font-weight: 400;\">Opera\u00e7\u00f5es com livros, jornais, peri\u00f3dicos e o papel destinado \u00e0 impress\u00e3o;<\/span><\/li>\n<li style=\"font-weight: 400;\" aria-level=\"1\"><span style=\"font-weight: 400;\">Opera\u00e7\u00f5es e presta\u00e7\u00f5es que destinem ao exterior servi\u00e7os ou mercadorias, inclusive produtos prim\u00e1rios e produtos industrializados semi-elaborados;<\/span><\/li>\n<li style=\"font-weight: 400;\" aria-level=\"1\"><span style=\"font-weight: 400;\">Opera\u00e7\u00f5es interestaduais relativas \u00e0 energia el\u00e9trica e petr\u00f3leo, inclusive lubrificantes e combust\u00edveis l\u00edquidos e gasosos dele derivados, quando destinados \u00e0 industrializa\u00e7\u00e3o ou \u00e0 comercializa\u00e7\u00e3o;<\/span><\/li>\n<li style=\"font-weight: 400;\" aria-level=\"1\"><span style=\"font-weight: 400;\">Opera\u00e7\u00f5es com ouro, quando definido em lei como ativo financeiro ou instrumento cambial;<\/span><\/li>\n<li style=\"font-weight: 400;\" aria-level=\"1\"><span style=\"font-weight: 400;\">Opera\u00e7\u00f5es com arrendamento mercantil;<\/span><\/li>\n<li style=\"font-weight: 400;\" aria-level=\"1\"><span style=\"font-weight: 400;\">Opera\u00e7\u00f5es de hortifrutigranjeiros;<\/span><\/li>\n<li style=\"font-weight: 400;\" aria-level=\"1\"><span style=\"font-weight: 400;\">Opera\u00e7\u00f5es de insumos agr\u00edcolas (incluindo mudas de plantas e sementes);<\/span><\/li>\n<li style=\"font-weight: 400;\" aria-level=\"1\"><span style=\"font-weight: 400;\">Aquisi\u00e7\u00e3o de ve\u00edculos adaptados para pessoas com defici\u00eancia f\u00edsica.<\/span><\/li>\n<\/ul>\n<p><span style=\"font-weight: 400;\">Voc\u00ea pode verificar a lista completa na <\/span><a href=\"http:\/\/www.planalto.gov.br\/ccivil_03\/leis\/LCP\/Lcp87.htm\"><span style=\"font-weight: 400;\">lei que regulamenta o ICMS<\/span><\/a><span style=\"font-weight: 400;\">.\u00a0<\/span><\/p>\n<p><span style=\"font-weight: 400;\">A prop\u00f3sito, alguns estados n\u00e3o autorizam contribuintes isentos. S\u00e3o eles:<\/span><\/p>\n<ul>\n<li style=\"font-weight: 400;\" aria-level=\"1\"><span style=\"font-weight: 400;\">AM;<\/span><\/li>\n<li style=\"font-weight: 400;\" aria-level=\"1\"><span style=\"font-weight: 400;\">BA;\u00a0<\/span><\/li>\n<li style=\"font-weight: 400;\" aria-level=\"1\"><span style=\"font-weight: 400;\">CE;\u00a0<\/span><\/li>\n<li style=\"font-weight: 400;\" aria-level=\"1\"><span style=\"font-weight: 400;\">GO;\u00a0<\/span><\/li>\n<li style=\"font-weight: 400;\" aria-level=\"1\"><span style=\"font-weight: 400;\">MG;\u00a0<\/span><\/li>\n<li style=\"font-weight: 400;\" aria-level=\"1\"><span style=\"font-weight: 400;\">MS;\u00a0<\/span><\/li>\n<li style=\"font-weight: 400;\" aria-level=\"1\"><span style=\"font-weight: 400;\">MT;<\/span><\/li>\n<li style=\"font-weight: 400;\" aria-level=\"1\"><span style=\"font-weight: 400;\">PE;\u00a0<\/span><\/li>\n<li style=\"font-weight: 400;\" aria-level=\"1\"><span style=\"font-weight: 400;\">RN;<\/span><\/li>\n<li style=\"font-weight: 400;\" aria-level=\"1\"><span style=\"font-weight: 400;\">SE.\u00a0<\/span><\/li>\n<\/ul>\n<p><span style=\"font-weight: 400;\">A tentativa de emiss\u00e3o de nota para algum desses estados resulta na seguinte mensagem:\u00a0<\/span><\/p>\n<p><span style=\"font-weight: 400;\">\u201cRejei\u00e7\u00e3o 805: A SEFAZ do destinat\u00e1rio n\u00e3o permite Contribuinte Isento de Inscri\u00e7\u00e3o Estadual\u201d.<\/span><\/p>\n<p><span style=\"font-weight: 400;\">Mas, como resolver esse impasse?\u00a0<\/span><\/p>\n<p><span style=\"font-weight: 400;\">Aqui no blog, temos um guia exclusivo que te ensina <\/span><a href=\"https:\/\/nfe.io\/blog\/nota-fiscal\/rejeicao-805\/\"><span style=\"font-weight: 400;\">como solucionar a rejei\u00e7\u00e3o 805 na emiss\u00e3o de nota fiscal<\/span><\/a><span style=\"font-weight: 400;\">. Vale a pena a leitura!\u00a0<\/span><\/p>\n<h3><span style=\"font-weight: 400;\">MEI \u00e9 um contribuinte isento?<\/span><\/h3>\n<p><span style=\"font-weight: 400;\">Sim. Embora o MEI n\u00e3o tenha inscri\u00e7\u00e3o estadual, \u00e9 permitido que ele exer\u00e7a atividade de com\u00e9rcio ou revenda de produtos.\u00a0<\/span><\/p>\n<p><span style=\"font-weight: 400;\">Ademais, prefeituras e ONGs tamb\u00e9m s\u00e3o classificadas como contribuintes isentos.\u00a0<\/span><\/p>\n<h2><span style=\"font-weight: 400;\">Como funciona o ICMS<\/span><\/h2>\n<p><span style=\"font-weight: 400;\">N\u00e3o existe uma resposta \u00fanica para essa quest\u00e3o. Isso porque, como a arrecada\u00e7\u00e3o \u00e9 encaminhada para os estados, cada um estabelece suas pr\u00f3prias regras.<\/span><\/p>\n<p><span style=\"font-weight: 400;\">Logo, o ICMS acaba funcionando de maneira diferente dependendo da regi\u00e3o e suas al\u00edquotas.\u00a0<\/span><\/p>\n<p><span style=\"font-weight: 400;\">Geralmente, ficam em torno de 17% e 18% para opera\u00e7\u00f5es internas, apesar de haver algumas particularidades, como explicaremos a seguir.<\/span><\/p>\n<p><span style=\"font-weight: 400;\">Outra informa\u00e7\u00e3o importante \u00e9 que quem regulamenta a opera\u00e7\u00e3o \u00e9 o Conselho Nacional de Pol\u00edtica Fazend\u00e1ria (CONFAZ), dirigido por secret\u00e1rios de Fazenda, finan\u00e7as ou tributa\u00e7\u00e3o de cada estado, al\u00e9m do Ministro de Estado da Fazenda.<\/span><\/p>\n<p><span style=\"font-weight: 400;\">Al\u00e9m de se tratar de um imposto n\u00e3o cumulativo e recolher somente a parcela que diz respeito ao produto, o ICMS tamb\u00e9m pode ser selecionado.<\/span><\/p>\n<p><span style=\"font-weight: 400;\">O que significa que, dependendo da essencialidade das mercadorias e dos servi\u00e7os, os encargos podem ser maiores ou menores.<\/span><\/p>\n<p><span style=\"font-weight: 400;\">Enfim, a al\u00edquota cobrada pelo arroz e feij\u00e3o, por exemplo, fica em 7%, enquanto a de produtos considerados sup\u00e9rfluos, como cigarro ou cosm\u00e9ticos, o percentual passa para 25%.<\/span><\/p>\n<p><span style=\"font-weight: 400;\">Leia tamb\u00e9m: <\/span><a href=\"https:\/\/nfe.io\/blog\/nota-fiscal\/como-calcular-icms-frete-nota-fiscal\/\"><span style=\"font-weight: 400;\">Saiba como calcular ICMS da nota fiscal e se mantenha em dia com suas obriga\u00e7\u00f5es fiscais<\/span><\/a><\/p>\n<h2><span style=\"font-weight: 400;\">Como saber a al\u00edquota do ICMS?<\/span><\/h2>\n<p><span style=\"font-weight: 400;\">Recapitulando, o ICMS trata-se de um tributo estadual e sua al\u00edquota \u00e9 estabelecida pelos estados e o Distrito Federal.\u00a0<\/span><\/p>\n<p><span style=\"font-weight: 400;\">Contudo, o valor do imposto n\u00e3o \u00e9 o mesmo para opera\u00e7\u00f5es internas (dentro dos estados) e interestaduais (entre os estados).\u00a0<\/span><\/p>\n<p><span style=\"font-weight: 400;\">Ali\u00e1s, nota-se que as al\u00edquotas oscilam conforme a mercadoria ou servi\u00e7o, indo de 7% a 35%.\u00a0<\/span><\/p>\n<h3><span style=\"font-weight: 400;\">Internas\u00a0<\/span><\/h3>\n<p><span style=\"font-weight: 400;\">Aqui, a al\u00edquota do ICMS \u00e9 a do estado que, em grande parte dos casos, fica em torno de 17% a 20%.\u00a0<\/span><\/p>\n<p><span style=\"font-weight: 400;\">Abaixo, voc\u00ea confere os valores de 2021.\u00a0<\/span><\/p>\n<ul>\n<li style=\"font-weight: 400;\" aria-level=\"1\"><span style=\"font-weight: 400;\">Acre \u2013 17%<\/span><\/li>\n<li style=\"font-weight: 400;\" aria-level=\"1\"><span style=\"font-weight: 400;\">Alagoas \u2013 18%<\/span><\/li>\n<li style=\"font-weight: 400;\" aria-level=\"1\"><span style=\"font-weight: 400;\">Amazonas \u2013 18%<\/span><\/li>\n<li style=\"font-weight: 400;\" aria-level=\"1\"><span style=\"font-weight: 400;\">Amap\u00e1 \u2013 18%<\/span><\/li>\n<li style=\"font-weight: 400;\" aria-level=\"1\"><span style=\"font-weight: 400;\">Bahia \u2013 18%<\/span><\/li>\n<li style=\"font-weight: 400;\" aria-level=\"1\"><span style=\"font-weight: 400;\">Cear\u00e1 \u2013 18%<\/span><\/li>\n<li style=\"font-weight: 400;\" aria-level=\"1\"><span style=\"font-weight: 400;\">Distrito Federal \u2013 18%<\/span><\/li>\n<li style=\"font-weight: 400;\" aria-level=\"1\"><span style=\"font-weight: 400;\">Esp\u00edrito Santo \u2013 17%<\/span><\/li>\n<li style=\"font-weight: 400;\" aria-level=\"1\"><span style=\"font-weight: 400;\">Goi\u00e1s -17%<\/span><\/li>\n<li style=\"font-weight: 400;\" aria-level=\"1\"><span style=\"font-weight: 400;\">Maranh\u00e3o \u2013 18%<\/span><\/li>\n<li style=\"font-weight: 400;\" aria-level=\"1\"><span style=\"font-weight: 400;\">Mato Grosso \u2013 17%<\/span><\/li>\n<li style=\"font-weight: 400;\" aria-level=\"1\"><span style=\"font-weight: 400;\">Mato Grosso do Sul \u2013 17%<\/span><\/li>\n<li style=\"font-weight: 400;\" aria-level=\"1\"><span style=\"font-weight: 400;\">Minas Gerais \u2013 18%<\/span><\/li>\n<li style=\"font-weight: 400;\" aria-level=\"1\"><span style=\"font-weight: 400;\">Par\u00e1 \u2013 17%<\/span><\/li>\n<li style=\"font-weight: 400;\" aria-level=\"1\"><span style=\"font-weight: 400;\">Para\u00edba \u2013 18%<\/span><\/li>\n<li style=\"font-weight: 400;\" aria-level=\"1\"><span style=\"font-weight: 400;\">Paran\u00e1 \u2013 18%;<\/span><\/li>\n<li style=\"font-weight: 400;\" aria-level=\"1\"><span style=\"font-weight: 400;\">Pernambuco \u2013 18%<\/span><\/li>\n<li style=\"font-weight: 400;\" aria-level=\"1\"><span style=\"font-weight: 400;\">Piau\u00ed \u2013 18%;<\/span><\/li>\n<li style=\"font-weight: 400;\" aria-level=\"1\"><span style=\"font-weight: 400;\">Rio Grande do Norte \u2013 18%<\/span><\/li>\n<li style=\"font-weight: 400;\" aria-level=\"1\"><span style=\"font-weight: 400;\">Rio Grande do Sul \u2013 18%<\/span><\/li>\n<li style=\"font-weight: 400;\" aria-level=\"1\"><span style=\"font-weight: 400;\">Rio de Janeiro \u2013 20%<\/span><\/li>\n<li style=\"font-weight: 400;\" aria-level=\"1\"><span style=\"font-weight: 400;\">Rond\u00f4nia \u2013 17,5%<\/span><\/li>\n<li style=\"font-weight: 400;\" aria-level=\"1\"><span style=\"font-weight: 400;\">Roraima \u2013 17%<\/span><\/li>\n<li style=\"font-weight: 400;\" aria-level=\"1\"><span style=\"font-weight: 400;\">Santa Catarina \u2013 17%<\/span><\/li>\n<li style=\"font-weight: 400;\" aria-level=\"1\"><span style=\"font-weight: 400;\">S\u00e3o Paulo \u2013 18%<\/span><\/li>\n<li style=\"font-weight: 400;\" aria-level=\"1\"><span style=\"font-weight: 400;\">Sergipe \u2013 18%<\/span><\/li>\n<li style=\"font-weight: 400;\" aria-level=\"1\"><span style=\"font-weight: 400;\">Tocantins \u2013 18%<\/span><\/li>\n<\/ul>\n<h3><span style=\"font-weight: 400;\">Interestaduais<\/span><\/h3>\n<p><span style=\"font-weight: 400;\">As opera\u00e7\u00f5es interestaduais, por sua vez, exigem um c\u00e1lculo mais complexo.\u00a0<\/span><\/p>\n<p><span style=\"font-weight: 400;\">Nesse contexto, \u00e9 preciso calcular a diferen\u00e7a entre as al\u00edquotas interna e interestadual do ICMS, conhecida como Diferencial de Al\u00edquota ou Difal, que abordaremos no pr\u00f3ximo t\u00f3pico.\u00a0<\/span><\/p>\n<h3><span style=\"font-weight: 400;\">Importa\u00e7\u00f5es\u00a0<\/span><\/h3>\n<p><span style=\"font-weight: 400;\">De maneira objetiva, a al\u00edquota do ICMS \u00e9 de 4%.<\/span><\/p>\n<h2><span style=\"font-weight: 400;\">O que \u00e9 diferencial de al\u00edquota (DIFAL)<\/span><\/h2>\n<p><span style=\"font-weight: 400;\">Em suma, \u00e9 uma ferramenta criada para garantir prote\u00e7\u00e3o sobre a competitividade do estado onde o comprador do produto ou servi\u00e7o est\u00e1 sediado.\u00a0<\/span><\/p>\n<p><span style=\"font-weight: 400;\">Para te ajudar a compreender melhor esse cen\u00e1rio, convidamos voc\u00ea para uma proposta!\u00a0<\/span><\/p>\n<p><span style=\"font-weight: 400;\">Imagine que, em Minas Gerais, um determinado produto \u00e9 mais barato porque o ICMS do estado \u00e9 mais econ\u00f4mico.\u00a0<\/span><\/p>\n<p><span style=\"font-weight: 400;\">Logo, seria comum que pessoas f\u00edsicas e jur\u00eddicas, mesmo que de outras regi\u00f5es, adquirissem mercadorias em Minas Gerais para economizar.\u00a0<\/span><\/p>\n<p><span style=\"font-weight: 400;\">Esse contexto resultaria em preju\u00edzos para os produtos e a arrecada\u00e7\u00e3o dos outros estados.\u00a0<\/span><\/p>\n<p><span style=\"font-weight: 400;\">Para driblar esse cen\u00e1rio, portanto, foi criado o diferencial de al\u00edquota, que equilibra os valores.\u00a0<\/span><\/p>\n<h3><span style=\"font-weight: 400;\">Como o diferencial de al\u00edquota funciona?\u00a0<\/span><\/h3>\n<p><span style=\"font-weight: 400;\">Uma vez entendido o que \u00e9 diferencial de al\u00edquota, vamos te mostrar como ele funciona.<\/span><\/p>\n<p><span style=\"font-weight: 400;\">Basicamente, ela \u00e9 a diferen\u00e7a entre a al\u00edquota interna do destinat\u00e1rio e a al\u00edquota interestadual do remetente.\u00a0<\/span><\/p>\n<p><span style=\"font-weight: 400;\">Suponha que a al\u00edquota interna de Santa Catarina seja 18%. J\u00e1 a al\u00edquota interestadual do Rio de Janeiro \u00e9 de 7%. Aqui, o diferencial de al\u00edquota seria de 11% (18% \u2013 7%).<\/span><\/p>\n<p><span style=\"font-weight: 400;\">A prop\u00f3sito, o difal \u00e9 recolhido pelo estado de destino do produto.\u00a0<\/span><\/p>\n<p><span style=\"font-weight: 400;\">Vale mencionar ainda que as al\u00edquotas interestaduais de cada estado est\u00e3o dispon\u00edveis nos sites da Secretaria de Estado da Fazenda (Sefaz) de cada regi\u00e3o.\u00a0<\/span><\/p>\n<h2><span style=\"font-weight: 400;\">O ICMS na pr\u00e1tica de empresas<\/span><\/h2>\n<p><span style=\"font-weight: 400;\">Antes de movimentar uma mercadoria, \u00e9 preciso garantir seu cadastro de ICMS.<\/span><\/p>\n<p><span style=\"font-weight: 400;\">Ele deve ser feito diretamente com a Secretaria Estadual da Fazenda (SEFAZ) de sua regi\u00e3o. Neste momento, voc\u00ea adquire a Inscri\u00e7\u00e3o Estadual (IE) da companhia.<\/span><\/p>\n<p><span style=\"font-weight: 400;\">Quanto ao pagamento do ICMS, n\u00e3o precisa se preocupar! Afinal, isso ocorre de forma indireta pelos pr\u00f3prios consumidores. Ou seja, o valor do imposto estar\u00e1 incluso no pre\u00e7o final de cada produto.<\/span><\/p>\n<p><span style=\"font-weight: 400;\">Por\u00e9m, a informa\u00e7\u00e3o deve constar na nota fiscal, na coluna \u201cC\u00e1lculo do Imposto\u201d de uma NFe.<\/span><\/p>\n<p><span style=\"font-weight: 400;\">J\u00e1 para as empresas, significa que apenas \u00e9 necess\u00e1rio recolher o imposto, seja por uma Guia GNRE, pelo DAS Simples Nacional ou uma Guia pr\u00f3pria estadual.\u00a0<\/span><\/p>\n<p><span style=\"font-weight: 400;\">Quem \u00e9 Microempreendedor Individual (MEI), por outro lado, j\u00e1 realiza o pagamento do ICMS por meio do DAS.<\/span><\/p>\n<p><span style=\"font-weight: 400;\">Leia tamb\u00e9m: <\/span><a href=\"https:\/\/nfe.io\/blog\/financeiro\/simples-nacional-ou-lucro-presumido\/\"><span style=\"font-weight: 400;\">Simples Nacional ou Lucro Presumido: quais s\u00e3o as diferen\u00e7as?<\/span><\/a><\/p>\n<h2><span style=\"font-weight: 400;\">Como calcular o ICMS em 3 passos simples<\/span><\/h2>\n<ol>\n<li style=\"font-weight: 400;\" aria-level=\"1\"><span style=\"font-weight: 400;\">Pesquise qual \u00e9 o valor da al\u00edquota no seu estado.<\/span><\/li>\n<li style=\"font-weight: 400;\" aria-level=\"1\"><span style=\"font-weight: 400;\">Multiple o pre\u00e7o do produto\/servi\u00e7o pela al\u00edquota praticada para chegar ao total do ICMS, para as vendas que ocorrem no mesmo estado. Exemplo: produto de R$ 480. Al\u00edquota do ICMS em S\u00e3o Paulo: 18%. F\u00f3rmula: 480 x 18% = R$ 86,40.<\/span><\/li>\n<li style=\"font-weight: 400;\" aria-level=\"1\"><span style=\"font-weight: 400;\">Cheque se as tarifas s\u00e3o diferenciadas em rela\u00e7\u00e3o \u00e0 origem e destino, opera\u00e7\u00f5es interestaduais,<\/span><\/li>\n<li style=\"font-weight: 400;\" aria-level=\"1\"><span style=\"font-weight: 400;\">Verifique tamb\u00e9m se h\u00e1 varia\u00e7\u00e3o na al\u00edquota pelo tipo de produto.<\/span><\/li>\n<\/ol>\n<p><span style=\"font-weight: 400;\">Tenha em mente que as altera\u00e7\u00f5es em opera\u00e7\u00f5es entre estados s\u00e3o permitidas porque existe o chamado Diferencial de Al\u00edquota (DIFAL).<\/span><\/p>\n<p><span style=\"font-weight: 400;\">O recurso, previsto pela Emenda Constitucional 87\/2015, serve como uma forma de diminuir o impacto causado pela desigualdade na arrecada\u00e7\u00e3o entre estados.<\/span><\/p>\n<p><span style=\"font-weight: 400;\">Em 2018, por exemplo, 80% do valor do imposto era destinado ao estado de destino, ficando 20% retido no estado de origem. Esta partilha, no entanto, acabar\u00e1 em 2019, quando 100% do valor passa a ser recolhido ao estado de destino.<\/span><\/p>\n<p><span style=\"font-weight: 400;\">Ali\u00e1s, esta tabela, ajuda voc\u00ea a descobrir o ICMS devido em opera\u00e7\u00f5es interestaduais:<\/span><\/p>\n<p><img loading=\"lazy\" decoding=\"async\" class=\"size-full wp-image-11172 aligncenter\" src=\"https:\/\/nfe.io\/blog\/app\/uploads\/2020\/12\/tabela-icms.jpg\" alt=\"\" width=\"607\" height=\"427\" srcset=\"https:\/\/nfe.io\/blog\/app\/uploads\/2020\/12\/tabela-icms.jpg 607w, https:\/\/nfe.io\/blog\/app\/uploads\/2020\/12\/tabela-icms-300x211.jpg 300w\" sizes=\"auto, (max-width: 607px) 100vw, 607px\" \/><\/p>\n<p><span style=\"font-weight: 400;\">Fonte: Merc<\/span><\/p>\n<p><span style=\"font-weight: 400;\">Quer mais uma informa\u00e7\u00e3o recente sobre ICMS para o guia ficar completo?\u00a0<\/span><\/p>\n<p><span style=\"font-weight: 400;\">A falta de recolhimento do ICMS \u00e9 considerado crime contra a ordem tribut\u00e1ria, cuja pena \u00e9 de seis meses a dois anos, fora a multa.<\/span><\/p>\n<p><span style=\"font-weight: 400;\">Leia tamb\u00e9m: <\/span><a href=\"https:\/\/nfe.io\/blog\/nota-fiscal\/nota-fiscal-rejeitada-o-que-fazer\/\"><span style=\"font-weight: 400;\">nota fiscal rejeitada: o que fazer? Tire suas d\u00favidas agora!<\/span><\/a><\/p>\n<h2><span style=\"font-weight: 400;\">Como pagar o ICMS<\/span><\/h2>\n<p><span style=\"font-weight: 400;\">Primeiro, fa\u00e7a o seu cadastro na Secretaria de Estado da Fazenda (Sefaz), na regi\u00e3o onde a sua empresa opera. Assim, a entidade recebe uma Inscri\u00e7\u00e3o Estadual (IE), isto \u00e9, a confirma\u00e7\u00e3o de que seu neg\u00f3cio contribui com essa taxa.\u00a0<\/span><\/p>\n<p><span style=\"font-weight: 400;\">\u00c9 importante que voc\u00ea saiba que o cadastro varia de estado para estado.\u00a0<\/span><\/p>\n<p><span style=\"font-weight: 400;\">Portanto, entre em contato com a Sefaz de sua regi\u00e3o para descobrir quais os documentos exigidos e as etapas para concluir a Inscri\u00e7\u00e3o Estadual.\u00a0<\/span><\/p>\n<h2><span style=\"font-weight: 400;\">O que acontece em caso de atraso no icms?<\/span><\/h2>\n<p><span style=\"font-weight: 400;\">A consequ\u00eancia disso \u00e9 a inadimpl\u00eancia com <\/span><span style=\"font-weight: 400;\">o fisco \u2013 o \u00f3rg\u00e3o respons\u00e1vel pela quest\u00e3o tribut\u00e1ria no Brasil.\u00a0<\/span><\/p>\n<p><span style=\"font-weight: 400;\">Para regularizar essa situa\u00e7\u00e3o, voc\u00ea deve pagar os impostos atrasados acrescidos de juros, que s\u00e3o estipulados conforme a <\/span><a href=\"https:\/\/www.bcb.gov.br\/controleinflacao\/taxaselic\"><span style=\"font-weight: 400;\">Taxa Selic<\/span><\/a><span style=\"font-weight: 400;\"> referente ao per\u00edodo em atraso<\/span><\/p>\n<h2><span style=\"font-weight: 400;\">Como funciona o ICMS no e-commerce<\/span><\/h2>\n<p><span style=\"font-weight: 400;\">Vamos voltar ao tempo? Mais precisamente em 2011.\u00a0<\/span><\/p>\n<p><span style=\"font-weight: 400;\">Naquele per\u00edodo, houve uma mudan\u00e7a na legisla\u00e7\u00e3o do ICMS no <\/span><a href=\"https:\/\/www.agendor.com.br\/blog\/e-commerce-b2b\/\"><span style=\"font-weight: 400;\">e-commerce<\/span><\/a><span style=\"font-weight: 400;\">.\u00a0<\/span><\/p>\n<p><span style=\"font-weight: 400;\">Basicamente, foi decidido que as lojas deveriam pagar a diferen\u00e7a do imposto pago no estado de origem, isto \u00e9, onde os estabelecimentos operam.\u00a0<\/span><\/p>\n<p><span style=\"font-weight: 400;\">Isso causava um grande preju\u00edzo para as lojas virtuais do Sul e Sudeste. A solu\u00e7\u00e3o, ent\u00e3o, era aumentar os pre\u00e7os dos produtos, o que n\u00e3o era bom para ningu\u00e9m.<\/span><\/p>\n<p><span style=\"font-weight: 400;\">Por\u00e9m, ap\u00f3s v\u00e1rias a\u00e7\u00f5es na justi\u00e7a, em 2015 passou a ser empregada a regra do DIFAL, que explicamos nos t\u00f3picos anteriores.\u00a0<\/span><\/p>\n<p><span style=\"font-weight: 400;\">No entanto, isso n\u00e3o aconteceu de uma vez s\u00f3. Foi necess\u00e1ria uma mudan\u00e7a gradual para que o impacto na arrecada\u00e7\u00e3o dos estados n\u00e3o fosse afetada repentinamente.<\/span><\/p>\n<p><span style=\"font-weight: 400;\">Dessa maneira, foi decidido que a aplica\u00e7\u00e3o da tabela DIFAL se daria da seguinte forma:<\/span><\/p>\n<ul>\n<li style=\"font-weight: 400;\" aria-level=\"1\"><span style=\"font-weight: 400;\">2016:\u00a0 40% para o estado de destino, 60% para o estado de origem<\/span><\/li>\n<li style=\"font-weight: 400;\" aria-level=\"1\"><span style=\"font-weight: 400;\">2017: 60% para o estado de destino, 40% para o estado de origem<\/span><\/li>\n<li style=\"font-weight: 400;\" aria-level=\"1\"><span style=\"font-weight: 400;\">2018:\u00a0 80% para o estado de destino, 20% para o estado de origem<\/span><\/li>\n<li style=\"font-weight: 400;\" aria-level=\"1\"><span style=\"font-weight: 400;\">2019: 100% para o estado de destino<\/span><\/li>\n<\/ul>\n<p><span style=\"font-weight: 400;\">Assim, atualmente, a tabela DIFAL \u00e9 usada sem compensa\u00e7\u00f5es de porcentagens entre os estados de origem e destino.<\/span><\/p>\n<p><span style=\"font-weight: 400;\">Se voc\u00ea ainda tem alguma d\u00favida de como calcular o ICMS na nota fiscal de um e-commerce, d\u00ea uma olhada neste v\u00eddeo do Ecommerce na Pr\u00e1tica:<\/span><\/p>\n<p><iframe loading=\"lazy\" title=\"Como Lidar com as Mudan\u00e7as do ICMS no seu Ecommerce\" width=\"500\" height=\"281\" src=\"https:\/\/www.youtube.com\/embed\/XEs9TYZF73w?feature=oembed\" frameborder=\"0\" allow=\"accelerometer; autoplay; clipboard-write; encrypted-media; gyroscope; picture-in-picture; web-share\" referrerpolicy=\"strict-origin-when-cross-origin\" allowfullscreen><\/iframe><\/p>\n<h2><span style=\"font-weight: 400;\">Use um gerenciador de notas fiscais e trabalhe mais tranquilo!<\/span><\/h2>\n<p><span style=\"font-weight: 400;\">Voltando aos dias de hoje, esperamos que at\u00e9 aqui, voc\u00ea tenha entendido tudo sobre o que \u00e9 o ICMS.\u00a0<\/span><\/p>\n<p><span style=\"font-weight: 400;\">Mas, antes de finalizarmos este artigo, saiba que \u00e9 poss\u00edvel automatizar as notas fiscais, tornando o trabalho mais pr\u00e1tico e eficiente.\u00a0<\/span><\/p>\n<p><span style=\"font-weight: 400;\">Com o <\/span><a href=\"https:\/\/nfe.io\/\"><span style=\"font-weight: 400;\">NFE.io<\/span><\/a><span style=\"font-weight: 400;\">, al\u00e9m de c\u00e1lculo autom\u00e1tico dos impostos, emiss\u00e3o das notas, gera\u00e7\u00e3o dos arquivos XML e HTML e envio por e-mail para os clientes automaticamente.<\/span><\/p>\n<p><span style=\"font-weight: 400;\">Voc\u00ea tamb\u00e9m conta com outras vantagens, como um painel de controle para acompanhar seu faturamento mensal, <\/span><a href=\"https:\/\/nfe.io\/consultas-automatizadas\/\"><span style=\"font-weight: 400;\">consultas automatizadas<\/span><\/a><span style=\"font-weight: 400;\"> de <\/span><a href=\"https:\/\/consulta.guru\/consultar-cpf-gratis\"><span style=\"font-weight: 400;\">CPF<\/span><\/a><span style=\"font-weight: 400;\"> e <\/span><a href=\"https:\/\/consulta.guru\/consultar-cnpj-gratis\"><span style=\"font-weight: 400;\">CNPJ<\/span><\/a><span style=\"font-weight: 400;\"> al\u00e9m de ganhar <\/span><a href=\"https:\/\/p.nfe.io\/pt-br\/certificado-digital-20off\"><span style=\"font-weight: 400;\">desconto na emiss\u00e3o do certificado digital<\/span><\/a><span style=\"font-weight: 400;\">.<\/span><\/p>\n","protected":false},"excerpt":{"rendered":"<p>O que \u00e9 o ICMS e como funciona? \u00c9 sobre isso que vamos falar no artigo de hoje!\u00a0 Em suma, ICMS quer dizer&#8230;<\/p>\n","protected":false},"author":23,"featured_media":11173,"comment_status":"open","ping_status":"closed","sticky":false,"template":"","format":"standard","meta":{"_acf_changed":false,"footnotes":""},"categories":[7],"tags":[],"class_list":["post-8709","post","type-post","status-publish","format-standard","has-post-thumbnail","hentry","category-gestao-empresarial"],"acf":[],"yoast_head":"<!-- This site is optimized with the Yoast SEO plugin v25.1 - https:\/\/yoast.com\/wordpress\/plugins\/seo\/ -->\n<title>O que \u00e9 ICMS? Quem deve pagar + lista de isen\u00e7\u00e3o<\/title>\n<meta name=\"description\" content=\"Aprenda o que \u00e9 ICMS, como funciona, como calcular, pagar e o que acontece em caso de atrasos! [Guia]\" \/>\n<meta name=\"robots\" content=\"index, follow, max-snippet:-1, max-image-preview:large, max-video-preview:-1\" \/>\n<link rel=\"canonical\" href=\"https:\/\/nfe.io\/blog\/gestao-empresarial\/o-que-e-icms-2\/\" \/>\n<meta property=\"og:locale\" content=\"en_US\" \/>\n<meta property=\"og:type\" content=\"article\" \/>\n<meta property=\"og:title\" content=\"O que \u00e9 ICMS? Quem deve pagar + lista de isen\u00e7\u00e3o\" \/>\n<meta property=\"og:description\" content=\"Aprenda o que \u00e9 ICMS, como funciona, como calcular, pagar e o que acontece em caso de atrasos! [Guia]\" \/>\n<meta property=\"og:url\" content=\"https:\/\/nfe.io\/blog\/gestao-empresarial\/o-que-e-icms-2\/\" \/>\n<meta property=\"og:site_name\" content=\"NFE.io Blog\" \/>\n<meta property=\"article:publisher\" content=\"https:\/\/www.facebook.com\/nfe.io\" \/>\n<meta property=\"article:author\" content=\"https:\/\/www.facebook.com\/francisco.j.felinto\/\" \/>\n<meta property=\"article:published_time\" content=\"2022-12-09T14:10:39+00:00\" \/>\n<meta property=\"article:modified_time\" content=\"2022-12-13T14:18:04+00:00\" \/>\n<meta property=\"og:image\" content=\"https:\/\/nfe.io\/blog\/app\/uploads\/2020\/12\/O-que-e-o-ICMS-1.jpg\" \/>\n\t<meta property=\"og:image:width\" content=\"800\" \/>\n\t<meta property=\"og:image:height\" content=\"500\" \/>\n\t<meta property=\"og:image:type\" content=\"image\/jpeg\" \/>\n<meta name=\"author\" content=\"Francisco Felinto\" \/>\n<meta name=\"twitter:card\" content=\"summary_large_image\" \/>\n<meta name=\"twitter:creator\" content=\"@nfe_io\" \/>\n<meta name=\"twitter:site\" content=\"@nfe_io\" \/>\n<meta name=\"twitter:label1\" content=\"Written by\" \/>\n\t<meta name=\"twitter:data1\" content=\"Francisco Felinto\" \/>\n\t<meta name=\"twitter:label2\" content=\"Est. reading time\" \/>\n\t<meta name=\"twitter:data2\" content=\"12 minutes\" \/>\n<script type=\"application\/ld+json\" class=\"yoast-schema-graph\">{\"@context\":\"https:\/\/schema.org\",\"@graph\":[{\"@type\":\"Article\",\"@id\":\"https:\/\/nfe.io\/blog\/gestao-empresarial\/o-que-e-icms-2\/#article\",\"isPartOf\":{\"@id\":\"https:\/\/nfe.io\/blog\/gestao-empresarial\/o-que-e-icms-2\/\"},\"author\":{\"name\":\"Francisco Felinto\",\"@id\":\"https:\/\/nfe.io\/blog\/#\/schema\/person\/13cbdfb2ce15a806dcd3c2fffa2cf921\"},\"headline\":\"O que \u00e9 o ICMS? Entenda as opera\u00e7\u00f5es Interestaduais e interestaduais!\",\"datePublished\":\"2022-12-09T14:10:39+00:00\",\"dateModified\":\"2022-12-13T14:18:04+00:00\",\"mainEntityOfPage\":{\"@id\":\"https:\/\/nfe.io\/blog\/gestao-empresarial\/o-que-e-icms-2\/\"},\"wordCount\":2275,\"commentCount\":0,\"publisher\":{\"@id\":\"https:\/\/nfe.io\/blog\/#organization\"},\"image\":{\"@id\":\"https:\/\/nfe.io\/blog\/gestao-empresarial\/o-que-e-icms-2\/#primaryimage\"},\"thumbnailUrl\":\"https:\/\/nfe.io\/blog\/app\/uploads\/2020\/12\/O-que-e-o-ICMS-1.jpg\",\"articleSection\":[\"Gest\u00e3o Empresarial\"],\"inLanguage\":\"en-US\",\"potentialAction\":[{\"@type\":\"CommentAction\",\"name\":\"Comment\",\"target\":[\"https:\/\/nfe.io\/blog\/gestao-empresarial\/o-que-e-icms-2\/#respond\"]}]},{\"@type\":\"WebPage\",\"@id\":\"https:\/\/nfe.io\/blog\/gestao-empresarial\/o-que-e-icms-2\/\",\"url\":\"https:\/\/nfe.io\/blog\/gestao-empresarial\/o-que-e-icms-2\/\",\"name\":\"O que \u00e9 ICMS? Quem deve pagar + lista de isen\u00e7\u00e3o\",\"isPartOf\":{\"@id\":\"https:\/\/nfe.io\/blog\/#website\"},\"primaryImageOfPage\":{\"@id\":\"https:\/\/nfe.io\/blog\/gestao-empresarial\/o-que-e-icms-2\/#primaryimage\"},\"image\":{\"@id\":\"https:\/\/nfe.io\/blog\/gestao-empresarial\/o-que-e-icms-2\/#primaryimage\"},\"thumbnailUrl\":\"https:\/\/nfe.io\/blog\/app\/uploads\/2020\/12\/O-que-e-o-ICMS-1.jpg\",\"datePublished\":\"2022-12-09T14:10:39+00:00\",\"dateModified\":\"2022-12-13T14:18:04+00:00\",\"description\":\"Aprenda o que \u00e9 ICMS, como funciona, como calcular, pagar e o que acontece em caso de atrasos! [Guia]\",\"breadcrumb\":{\"@id\":\"https:\/\/nfe.io\/blog\/gestao-empresarial\/o-que-e-icms-2\/#breadcrumb\"},\"inLanguage\":\"en-US\",\"potentialAction\":[{\"@type\":\"ReadAction\",\"target\":[\"https:\/\/nfe.io\/blog\/gestao-empresarial\/o-que-e-icms-2\/\"]}]},{\"@type\":\"ImageObject\",\"inLanguage\":\"en-US\",\"@id\":\"https:\/\/nfe.io\/blog\/gestao-empresarial\/o-que-e-icms-2\/#primaryimage\",\"url\":\"https:\/\/nfe.io\/blog\/app\/uploads\/2020\/12\/O-que-e-o-ICMS-1.jpg\",\"contentUrl\":\"https:\/\/nfe.io\/blog\/app\/uploads\/2020\/12\/O-que-e-o-ICMS-1.jpg\",\"width\":800,\"height\":500},{\"@type\":\"BreadcrumbList\",\"@id\":\"https:\/\/nfe.io\/blog\/gestao-empresarial\/o-que-e-icms-2\/#breadcrumb\",\"itemListElement\":[{\"@type\":\"ListItem\",\"position\":1,\"name\":\"Home\",\"item\":\"https:\/\/nfe.io\/blog\/\"},{\"@type\":\"ListItem\",\"position\":2,\"name\":\"O que \u00e9 o ICMS? Entenda as opera\u00e7\u00f5es Interestaduais e interestaduais!\"}]},{\"@type\":\"WebSite\",\"@id\":\"https:\/\/nfe.io\/blog\/#website\",\"url\":\"https:\/\/nfe.io\/blog\/\",\"name\":\"NFE.io Blog\",\"description\":\"Automatize Suas Obriga\u00e7\u00f5es Fiscais com Efici\u00eancia\",\"publisher\":{\"@id\":\"https:\/\/nfe.io\/blog\/#organization\"},\"alternateName\":\"NFE.io\",\"potentialAction\":[{\"@type\":\"SearchAction\",\"target\":{\"@type\":\"EntryPoint\",\"urlTemplate\":\"https:\/\/nfe.io\/blog\/?s={search_term_string}\"},\"query-input\":{\"@type\":\"PropertyValueSpecification\",\"valueRequired\":true,\"valueName\":\"search_term_string\"}}],\"inLanguage\":\"en-US\"},{\"@type\":\"Organization\",\"@id\":\"https:\/\/nfe.io\/blog\/#organization\",\"name\":\"NFE io\",\"alternateName\":\"NFE\",\"url\":\"https:\/\/nfe.io\/blog\/\",\"logo\":{\"@type\":\"ImageObject\",\"inLanguage\":\"en-US\",\"@id\":\"https:\/\/nfe.io\/blog\/#\/schema\/logo\/image\/\",\"url\":\"https:\/\/nfe.io\/blog\/app\/uploads\/2020\/06\/logofooter.png\",\"contentUrl\":\"https:\/\/nfe.io\/blog\/app\/uploads\/2020\/06\/logofooter.png\",\"width\":143,\"height\":41,\"caption\":\"NFE io\"},\"image\":{\"@id\":\"https:\/\/nfe.io\/blog\/#\/schema\/logo\/image\/\"},\"sameAs\":[\"https:\/\/www.facebook.com\/nfe.io\",\"https:\/\/x.com\/nfe_io\",\"https:\/\/github.com\/nfe\",\"https:\/\/www.linkedin.com\/company\/10407705\/\",\"https:\/\/www.youtube.com\/channel\/UCB1PFw8rxeIN64k_t5FWEAQ\",\"https:\/\/www.instagram.com\/nfe.io\/\"]},{\"@type\":\"Person\",\"@id\":\"https:\/\/nfe.io\/blog\/#\/schema\/person\/13cbdfb2ce15a806dcd3c2fffa2cf921\",\"name\":\"Francisco Felinto\",\"image\":{\"@type\":\"ImageObject\",\"inLanguage\":\"en-US\",\"@id\":\"https:\/\/nfe.io\/blog\/#\/schema\/person\/image\/\",\"url\":\"https:\/\/secure.gravatar.com\/avatar\/be0f81adb0794281ac9b3ffc87137ad2bf518c3d8bc98e1fbc6526bfc850433d?s=96&d=wp_user_avatar&r=g\",\"contentUrl\":\"https:\/\/secure.gravatar.com\/avatar\/be0f81adb0794281ac9b3ffc87137ad2bf518c3d8bc98e1fbc6526bfc850433d?s=96&d=wp_user_avatar&r=g\",\"caption\":\"Francisco Felinto\"},\"description\":\"S\u00f3cio e CLO - Chief Learning Officer na NFE.io, Mestre em Tecnologia da Informa\u00e7\u00e3o Aplicada, MBI em Gest\u00e3o da Informa\u00e7\u00e3o e Especializa\u00e7\u00e3o em Gest\u00e3o de Projeto integrado ao PMI. Ex Diretor da Fatec Osasco (2018-22), Serasa Experian, Elo Group com projetos na B3, Alelo, Aes Eletropaulo. Fundador das Descodificadas e vice-presidente do Instituto Arte das Na\u00e7\u00f5es.\",\"sameAs\":[\"https:\/\/www.facebook.com\/francisco.j.felinto\/\",\"https:\/\/www.instagram.com\/francisco.felinto.jr\/\",\"https:\/\/www.linkedin.com\/in\/franciscofelinto\/\"],\"url\":\"https:\/\/nfe.io\/blog\/author\/francisco\/\"}]}<\/script>\n<!-- \/ Yoast SEO plugin. -->","yoast_head_json":{"title":"O que \u00e9 ICMS? Quem deve pagar + lista de isen\u00e7\u00e3o","description":"Aprenda o que \u00e9 ICMS, como funciona, como calcular, pagar e o que acontece em caso de atrasos! [Guia]","robots":{"index":"index","follow":"follow","max-snippet":"max-snippet:-1","max-image-preview":"max-image-preview:large","max-video-preview":"max-video-preview:-1"},"canonical":"https:\/\/nfe.io\/blog\/gestao-empresarial\/o-que-e-icms-2\/","og_locale":"en_US","og_type":"article","og_title":"O que \u00e9 ICMS? Quem deve pagar + lista de isen\u00e7\u00e3o","og_description":"Aprenda o que \u00e9 ICMS, como funciona, como calcular, pagar e o que acontece em caso de atrasos! [Guia]","og_url":"https:\/\/nfe.io\/blog\/gestao-empresarial\/o-que-e-icms-2\/","og_site_name":"NFE.io Blog","article_publisher":"https:\/\/www.facebook.com\/nfe.io","article_author":"https:\/\/www.facebook.com\/francisco.j.felinto\/","article_published_time":"2022-12-09T14:10:39+00:00","article_modified_time":"2022-12-13T14:18:04+00:00","og_image":[{"width":800,"height":500,"url":"https:\/\/nfe.io\/blog\/app\/uploads\/2020\/12\/O-que-e-o-ICMS-1.jpg","type":"image\/jpeg"}],"author":"Francisco Felinto","twitter_card":"summary_large_image","twitter_creator":"@nfe_io","twitter_site":"@nfe_io","twitter_misc":{"Written by":"Francisco Felinto","Est. reading time":"12 minutes"},"schema":{"@context":"https:\/\/schema.org","@graph":[{"@type":"Article","@id":"https:\/\/nfe.io\/blog\/gestao-empresarial\/o-que-e-icms-2\/#article","isPartOf":{"@id":"https:\/\/nfe.io\/blog\/gestao-empresarial\/o-que-e-icms-2\/"},"author":{"name":"Francisco Felinto","@id":"https:\/\/nfe.io\/blog\/#\/schema\/person\/13cbdfb2ce15a806dcd3c2fffa2cf921"},"headline":"O que \u00e9 o ICMS? Entenda as opera\u00e7\u00f5es Interestaduais e interestaduais!","datePublished":"2022-12-09T14:10:39+00:00","dateModified":"2022-12-13T14:18:04+00:00","mainEntityOfPage":{"@id":"https:\/\/nfe.io\/blog\/gestao-empresarial\/o-que-e-icms-2\/"},"wordCount":2275,"commentCount":0,"publisher":{"@id":"https:\/\/nfe.io\/blog\/#organization"},"image":{"@id":"https:\/\/nfe.io\/blog\/gestao-empresarial\/o-que-e-icms-2\/#primaryimage"},"thumbnailUrl":"https:\/\/nfe.io\/blog\/app\/uploads\/2020\/12\/O-que-e-o-ICMS-1.jpg","articleSection":["Gest\u00e3o Empresarial"],"inLanguage":"en-US","potentialAction":[{"@type":"CommentAction","name":"Comment","target":["https:\/\/nfe.io\/blog\/gestao-empresarial\/o-que-e-icms-2\/#respond"]}]},{"@type":"WebPage","@id":"https:\/\/nfe.io\/blog\/gestao-empresarial\/o-que-e-icms-2\/","url":"https:\/\/nfe.io\/blog\/gestao-empresarial\/o-que-e-icms-2\/","name":"O que \u00e9 ICMS? Quem deve pagar + lista de isen\u00e7\u00e3o","isPartOf":{"@id":"https:\/\/nfe.io\/blog\/#website"},"primaryImageOfPage":{"@id":"https:\/\/nfe.io\/blog\/gestao-empresarial\/o-que-e-icms-2\/#primaryimage"},"image":{"@id":"https:\/\/nfe.io\/blog\/gestao-empresarial\/o-que-e-icms-2\/#primaryimage"},"thumbnailUrl":"https:\/\/nfe.io\/blog\/app\/uploads\/2020\/12\/O-que-e-o-ICMS-1.jpg","datePublished":"2022-12-09T14:10:39+00:00","dateModified":"2022-12-13T14:18:04+00:00","description":"Aprenda o que \u00e9 ICMS, como funciona, como calcular, pagar e o que acontece em caso de atrasos! [Guia]","breadcrumb":{"@id":"https:\/\/nfe.io\/blog\/gestao-empresarial\/o-que-e-icms-2\/#breadcrumb"},"inLanguage":"en-US","potentialAction":[{"@type":"ReadAction","target":["https:\/\/nfe.io\/blog\/gestao-empresarial\/o-que-e-icms-2\/"]}]},{"@type":"ImageObject","inLanguage":"en-US","@id":"https:\/\/nfe.io\/blog\/gestao-empresarial\/o-que-e-icms-2\/#primaryimage","url":"https:\/\/nfe.io\/blog\/app\/uploads\/2020\/12\/O-que-e-o-ICMS-1.jpg","contentUrl":"https:\/\/nfe.io\/blog\/app\/uploads\/2020\/12\/O-que-e-o-ICMS-1.jpg","width":800,"height":500},{"@type":"BreadcrumbList","@id":"https:\/\/nfe.io\/blog\/gestao-empresarial\/o-que-e-icms-2\/#breadcrumb","itemListElement":[{"@type":"ListItem","position":1,"name":"Home","item":"https:\/\/nfe.io\/blog\/"},{"@type":"ListItem","position":2,"name":"O que \u00e9 o ICMS? Entenda as opera\u00e7\u00f5es Interestaduais e interestaduais!"}]},{"@type":"WebSite","@id":"https:\/\/nfe.io\/blog\/#website","url":"https:\/\/nfe.io\/blog\/","name":"NFE.io Blog","description":"Automatize Suas Obriga\u00e7\u00f5es Fiscais com Efici\u00eancia","publisher":{"@id":"https:\/\/nfe.io\/blog\/#organization"},"alternateName":"NFE.io","potentialAction":[{"@type":"SearchAction","target":{"@type":"EntryPoint","urlTemplate":"https:\/\/nfe.io\/blog\/?s={search_term_string}"},"query-input":{"@type":"PropertyValueSpecification","valueRequired":true,"valueName":"search_term_string"}}],"inLanguage":"en-US"},{"@type":"Organization","@id":"https:\/\/nfe.io\/blog\/#organization","name":"NFE io","alternateName":"NFE","url":"https:\/\/nfe.io\/blog\/","logo":{"@type":"ImageObject","inLanguage":"en-US","@id":"https:\/\/nfe.io\/blog\/#\/schema\/logo\/image\/","url":"https:\/\/nfe.io\/blog\/app\/uploads\/2020\/06\/logofooter.png","contentUrl":"https:\/\/nfe.io\/blog\/app\/uploads\/2020\/06\/logofooter.png","width":143,"height":41,"caption":"NFE io"},"image":{"@id":"https:\/\/nfe.io\/blog\/#\/schema\/logo\/image\/"},"sameAs":["https:\/\/www.facebook.com\/nfe.io","https:\/\/x.com\/nfe_io","https:\/\/github.com\/nfe","https:\/\/www.linkedin.com\/company\/10407705\/","https:\/\/www.youtube.com\/channel\/UCB1PFw8rxeIN64k_t5FWEAQ","https:\/\/www.instagram.com\/nfe.io\/"]},{"@type":"Person","@id":"https:\/\/nfe.io\/blog\/#\/schema\/person\/13cbdfb2ce15a806dcd3c2fffa2cf921","name":"Francisco Felinto","image":{"@type":"ImageObject","inLanguage":"en-US","@id":"https:\/\/nfe.io\/blog\/#\/schema\/person\/image\/","url":"https:\/\/secure.gravatar.com\/avatar\/be0f81adb0794281ac9b3ffc87137ad2bf518c3d8bc98e1fbc6526bfc850433d?s=96&d=wp_user_avatar&r=g","contentUrl":"https:\/\/secure.gravatar.com\/avatar\/be0f81adb0794281ac9b3ffc87137ad2bf518c3d8bc98e1fbc6526bfc850433d?s=96&d=wp_user_avatar&r=g","caption":"Francisco Felinto"},"description":"S\u00f3cio e CLO - Chief Learning Officer na NFE.io, Mestre em Tecnologia da Informa\u00e7\u00e3o Aplicada, MBI em Gest\u00e3o da Informa\u00e7\u00e3o e Especializa\u00e7\u00e3o em Gest\u00e3o de Projeto integrado ao PMI. Ex Diretor da Fatec Osasco (2018-22), Serasa Experian, Elo Group com projetos na B3, Alelo, Aes Eletropaulo. Fundador das Descodificadas e vice-presidente do Instituto Arte das Na\u00e7\u00f5es.","sameAs":["https:\/\/www.facebook.com\/francisco.j.felinto\/","https:\/\/www.instagram.com\/francisco.felinto.jr\/","https:\/\/www.linkedin.com\/in\/franciscofelinto\/"],"url":"https:\/\/nfe.io\/blog\/author\/francisco\/"}]}},"_links":{"self":[{"href":"https:\/\/nfe.io\/blog\/wp-json\/wp\/v2\/posts\/8709","targetHints":{"allow":["GET"]}}],"collection":[{"href":"https:\/\/nfe.io\/blog\/wp-json\/wp\/v2\/posts"}],"about":[{"href":"https:\/\/nfe.io\/blog\/wp-json\/wp\/v2\/types\/post"}],"author":[{"embeddable":true,"href":"https:\/\/nfe.io\/blog\/wp-json\/wp\/v2\/users\/23"}],"replies":[{"embeddable":true,"href":"https:\/\/nfe.io\/blog\/wp-json\/wp\/v2\/comments?post=8709"}],"version-history":[{"count":0,"href":"https:\/\/nfe.io\/blog\/wp-json\/wp\/v2\/posts\/8709\/revisions"}],"wp:featuredmedia":[{"embeddable":true,"href":"https:\/\/nfe.io\/blog\/wp-json\/wp\/v2\/media\/11173"}],"wp:attachment":[{"href":"https:\/\/nfe.io\/blog\/wp-json\/wp\/v2\/media?parent=8709"}],"wp:term":[{"taxonomy":"category","embeddable":true,"href":"https:\/\/nfe.io\/blog\/wp-json\/wp\/v2\/categories?post=8709"},{"taxonomy":"post_tag","embeddable":true,"href":"https:\/\/nfe.io\/blog\/wp-json\/wp\/v2\/tags?post=8709"}],"curies":[{"name":"wp","href":"https:\/\/api.w.org\/{rel}","templated":true}]}}