{"id":4470,"date":"2018-01-11T09:07:26","date_gmt":"2018-01-11T11:07:26","guid":{"rendered":"https:\/\/nfe.io\/blog\/?p=4470"},"modified":"2022-03-23T18:44:52","modified_gmt":"2022-03-23T21:44:52","slug":"gestao-do-tempo-no-trabalho","status":"publish","type":"post","link":"https:\/\/nfe.io\/blog\/gestao-empresarial\/gestao-do-tempo-no-trabalho\/","title":{"rendered":"Conhe\u00e7a t\u00e9cnicas simples para fazer a gest\u00e3o do tempo no trabalho"},"content":{"rendered":"<p>Um dos principais desafios atuais \u00e9 gerenciar o tempo e conseguir realizar as in\u00fameras tarefas do dia a dia de forma efetiva e r\u00e1pida, principalmente no ambiente de trabalho.<\/p>\n<p>Profissionais de todas as \u00e1reas buscam alta produtividade e, para auxili\u00e1-los, existem diversas dicas de gest\u00e3o do tempo no trabalho. Mas, como escolher a estrat\u00e9gia de gest\u00e3o que mais combina com o seu perfil sem se perder entre esse alto volume de sugest\u00f5es?<\/p>\n<p>Para facilitar essa an\u00e1lise, explicamos alguns m\u00e9todos mais famosos por sua efici\u00eancia, que j\u00e1 foram comprovados por diversos profissionais de sucesso.<\/p>\n<p><span data-sheets-value=\"{&quot;1&quot;:2,&quot;2&quot;:&quot; \n\n\t&lt;div class=&quot;cta-blog green bar&quot; id=&quot;4470&quot;&gt;\n\n\t\t&lt;div class=&quot;cta-title&quot;&gt;\n\t\t\t&lt;h3&gt; &lt;\/h3&gt;\n\t\t&lt;\/div&gt;\n\n\t\t&lt;div class=&quot;cta-content&quot;&gt;\n\t\t\t&lt;p&gt;&lt;\/p&gt;\n\t\t&lt;\/div&gt;\n\n\t\t&lt;div class=&quot;cta-area&quot;&gt;\n\n\t\t\t&lt;!-- &lt;div class=&quot;left&quot;&gt;\n\t\t\t\t&lt;h5&gt;&lt;\/h5&gt;\n\t\t\t\t&lt;div id=&quot;subtitle&quot;&gt;&lt;\/div&gt;\n\t\t\t&lt;\/div&gt; --&gt;\n\n\t\t\t&lt;!-- &lt;div class=&quot;right&quot;&gt; --&gt;\n\t\t\t\t\t\t\t&lt;!-- &lt;\/div&gt; --&gt;\n\n\t\t&lt;\/div&gt;\n\n\t&lt;\/div&gt;\n\n\t&quot;}\" data-sheets-userformat=\"{&quot;2&quot;:961,&quot;3&quot;:{&quot;1&quot;:0},&quot;9&quot;:1,&quot;10&quot;:1,&quot;11&quot;:4,&quot;12&quot;:0}\"><\/span><\/p>\n<p><!--more--><\/p>\n<p>Veja tamb\u00e9m: <strong><a href=\"https:\/\/nfe.io\/blog\/gestao-empresarial\/dicas-melhorias-processos-empresa\/\">Dicas de melhorias de processos para uma empresa que voc\u00ea pode implementar agora mesmo<\/a><\/strong><\/p>\n<h2>Mas o que \u00e9 gest\u00e3o do tempo no trabalho, afinal?<\/h2>\n<p>N\u00e3o sabe o que \u00e9 gest\u00e3o do tempo? Fique sabendo que \u00e9 muito f\u00e1cil entender o que \u00e9 gest\u00e3o do tempo.<\/p>\n<p>Confira esta defini\u00e7\u00e3o!<\/p>\n<h4>O que \u00e9 a gest\u00e3o do tempo no trabalho:<\/h4>\n<blockquote><p><em><strong>&#8220;Gest\u00e3o do tempo no trabalho \u00e9 um conjunto de t\u00e9cnicas usadas para organizar as tarefas di\u00e1rias (semanais ou mensais, dependendo do n\u00edvel de complexidade) de modo a realiz\u00e1-las conforme o padr\u00e3o desejado e com qualidade de vida e dentro do tempo dispon\u00edvel&#8221;<\/strong><\/em><\/p><\/blockquote>\n<p><strong>Isto \u00e9:<\/strong> n\u00e3o adianta trabalhar horas a fio para realizar suas tarefas! \u00c9 preciso alcan\u00e7ar esse objetivo sem trabalhar demais nem comprometer seu bem-estar.<\/p>\n<p>Ficou claro para voc\u00ea o que \u00e9 gest\u00e3o do tempo no trabalho? Ent\u00e3o, vamos prosseguir?<\/p>\n<p>Antes, confira estas dicas de como administrador o tempo no trabalho. Fa\u00e7a como as pessoas que tem uma &#8220;<strong><a href=\"https:\/\/www.siteware.com.br\/produtividade\/como-calcular-produtividade-funcionario\/\" target=\"_blank\" rel=\"noopener\">Intelig\u00eancia Produtiva<\/a><\/strong>&#8220;:<\/p>\n<div id=\"attachment_6672\" style=\"width: 1210px\" class=\"wp-caption aligncenter\"><a href=\"https:\/\/nfeblog.blob.core.windows.net\/blg\/blog\/content\/uploads\/2018\/01\/gestao-do-tempo-no-trabalho.png\" target=\"_blank\" rel=\"noopener\"><img loading=\"lazy\" decoding=\"async\" aria-describedby=\"caption-attachment-6672\" class=\"wp-image-6672 size-full\" src=\"https:\/\/nfeblog.blob.core.windows.net\/blg\/blog\/content\/uploads\/2018\/01\/gestao-do-tempo-no-trabalho.png\" alt=\"gest\u00e3o do tempo no trabalho\" width=\"1200\" height=\"1200\" srcset=\"https:\/\/nfe.io\/blog\/app\/uploads\/2018\/01\/gestao-do-tempo-no-trabalho.png 1200w, https:\/\/nfe.io\/blog\/app\/uploads\/2018\/01\/gestao-do-tempo-no-trabalho-150x150.png 150w, https:\/\/nfe.io\/blog\/app\/uploads\/2018\/01\/gestao-do-tempo-no-trabalho-300x300.png 300w, https:\/\/nfe.io\/blog\/app\/uploads\/2018\/01\/gestao-do-tempo-no-trabalho-768x768.png 768w, https:\/\/nfe.io\/blog\/app\/uploads\/2018\/01\/gestao-do-tempo-no-trabalho-1024x1024.png 1024w, https:\/\/nfe.io\/blog\/app\/uploads\/2018\/01\/gestao-do-tempo-no-trabalho-860x860.png 860w, https:\/\/nfe.io\/blog\/app\/uploads\/2018\/01\/gestao-do-tempo-no-trabalho-680x680.png 680w, https:\/\/nfe.io\/blog\/app\/uploads\/2018\/01\/gestao-do-tempo-no-trabalho-500x500.png 500w, https:\/\/nfe.io\/blog\/app\/uploads\/2018\/01\/gestao-do-tempo-no-trabalho-400x400.png 400w, https:\/\/nfe.io\/blog\/app\/uploads\/2018\/01\/gestao-do-tempo-no-trabalho-200x200.png 200w, https:\/\/nfe.io\/blog\/app\/uploads\/2018\/01\/gestao-do-tempo-no-trabalho-50x50.png 50w\" sizes=\"auto, (max-width: 1200px) 100vw, 1200px\" \/><\/a><p id=\"caption-attachment-6672\" class=\"wp-caption-text\">Fonte: <a href=\"https:\/\/www.siteware.com.br\/produtividade\/como-calcular-produtividade-funcionario\/\">Siteware<\/a><\/p><\/div>\n<h2>4 formas pr\u00e1ticas de fazer a gest\u00e3o do tempo no trabalho<\/h2>\n<p>Organiza\u00e7\u00e3o e tecnologia s\u00e3o a chave para seu dia render mais e voc\u00ea alcan\u00e7ar altos n\u00edveis de produtividade.<\/p>\n<h3>1- Planeje seu dia para uma eficiente gest\u00e3o do tempo no trabalho<\/h3>\n<p>N\u00e3o \u00e9 nenhuma novidade que planejamento \u00e9 a palavra de ordem para profissionais que pretendem aumentar sua produtividade, por\u00e9m planejar grandes per\u00edodos de uma s\u00f3 vez pode contribuir com a m\u00e1 gest\u00e3o do tempo no trabalho.<\/p>\n<p>Em vez de planejar o m\u00eas ou, at\u00e9 mesmo a semana, planeje o seu dia. Ao chegar no trabalho n\u00e3o comece suas tarefas de imediato, mas separe 30 minutos ou uma hora para listar todas as atividades que precisam ser realizadas durante aquele dia.<\/p>\n<p>Ap\u00f3s enxergar essas atividades, chega o momento de definir as prioridades para, a\u00ed sim, come\u00e7ar a trabalhar efetivamente. Tente estimar quanto tempo voc\u00ea levar\u00e1 para concluir cada uma das tarefas.<\/p>\n<p>Dica: Se n\u00e3o estiver f\u00e1cil <strong><a href=\"https:\/\/www.siteware.com.br\/lideranca\/como-priorizar-tarefas\/\" target=\"_blank\" rel=\"noopener\">priorizar tarefas<\/a><\/strong>, a sugest\u00e3o \u00e9 come\u00e7ar pela tarefa mais dif\u00edcil ou trabalhosa. Isso porque \u00e9 comum que nossa energia v\u00e1 se esgotando ao longo do dia e isso facilita a posterga\u00e7\u00e3o e a n\u00e3o realiza\u00e7\u00e3o dessas tarefas mais complexas, que foram planejadas para o dia.<\/p>\n<h3>2- T\u00e9cnica Pomodoro para a gest\u00e3o do tempo no trabalho<\/h3>\n<p>Muito famosa por sua efetividade, a <strong><a href=\"https:\/\/pluga.co\/blog\/empreendedorismo\/tecnica-de-pomodoro\/\" target=\"_blank\" rel=\"noopener\">t\u00e9cnica Pomodoro<\/a><\/strong> surgiu em meados de 1980 e possui como fundamento principal a divis\u00e3o de tarefas em blocos de tempo para aumentar o foco e a produtividade.<\/p>\n<p>Confira o passo a passo b\u00e1sico para aderir a essa t\u00e9cnica de gest\u00e3o do tempo de trabalho:<\/p>\n<ul>\n<li>Liste todas as tarefas pendentes;<\/li>\n<li>Programe um cron\u00f3metro para 25 minutos e escolha uma dessas tarefas pendentes para realizar continuamente durante esses 25 minutos sem interrup\u00e7\u00f5es;<\/li>\n<li>Mesmo que a tarefa ainda n\u00e3o tenha sido conclu\u00edda, ap\u00f3s esses 25 minutos de trabalho, fa\u00e7a uma pausa de cinco minutos.<\/li>\n<li>Retorne para a tarefa por mais 25 minutos e repita esse procedimento at\u00e9 concluir a atividade.<\/li>\n<\/ul>\n<p>Importante: A cada quatro &#8220;Pomodoros&#8221; (25 minutos ininterruptos de trabalho) fa\u00e7a uma pausa mais longa, tire cerca de 30 minutos de descanso ou realizando alguma atividade relaxante.<\/p>\n<p>Essa t\u00e9cnica \u00e9 eficiente para quem tem dificuldade em se manter focado, j\u00e1 que por 25 minutos, voc\u00ea vai precisar evitar distra\u00e7\u00f5es como o celular ou at\u00e9 mesmo conversar com outras pessoas, como colegas de trabalho, focando apenas em uma \u00fanica atividade.<\/p>\n<p>Planejamento e concentra\u00e7\u00e3o s\u00e3o fundamentais para o sucesso na gest\u00e3o do tempo de trabalho, coloque a t\u00e9cnica em pr\u00e1tica e veja sua produtividade aumentar.<\/p>\n<h3>3- Utilize a tecnologia a seu favor<\/h3>\n<p>Que tal utilizar a tecnologia como uma aliada da sua produtividade em vez de ser um empecilho no seu dia? Com certeza a gest\u00e3o de tempo no trabalho poder\u00e1 ser muito facilitada com a ajuda da tecnologia.<\/p>\n<p>Aplicativos de trocas de mensagens, redes sociais, dentre in\u00fameros outros itens disponibilizados pelo avan\u00e7o tecnol\u00f3gico facilmente se tornam uma distra\u00e7\u00e3o no dia a dia, por\u00e9m, com o foco adequado, seu smartphone pode se tornar um aliado de sua produtividade e at\u00e9 ajudar a diminuir <strong><a href=\"http:\/\/br.blog.trello.com\/conflitos-no-trabalho-em-equipe\/\" target=\"_blank\" rel=\"noopener\">conflitos no trabalho em equipe<\/a><\/strong>.<\/p>\n<p>O aplicativo <strong><a href=\"https:\/\/www.rememberthemilk.com\/\" target=\"_blank\" rel=\"noopener\">Remember the milk<\/a><\/strong> permite a listagem e organiza\u00e7\u00e3o de atividades e tarefas de forma simples e intuitiva. \u00c9 poss\u00edvel criar listas de tarefas para potencializar a gest\u00e3o do tempo de trabalho e incluir respons\u00e1veis por atividades espec\u00edficas.<\/p>\n<p>A facilidade de utiliza\u00e7\u00e3o desse aplicativo \u00e9 seu principal ponto forte e voc\u00ea pode ainda listar suas tarefas pessoais e profissionais em um mesmo local, para enxergar tudo o que \u00e9 necess\u00e1rio realizar ao longo do dia.<\/p>\n<p>Veja mais: <strong><a href=\"https:\/\/nfe.io\/blog\/nota-fiscal\/gestao-notas-fiscais\/\">Facilite sua vida com a gest\u00e3o de notas fiscais automatizada<\/a><\/strong><\/p>\n<h3>4- fa\u00e7a uma lista de tarefas: sim &#8211; simples assim!<\/h3>\n<p>Muitas pessoas quebram a cabe\u00e7a pensando em como organizar o tempo no trabalho. Ali\u00e1s, foi a primeira dica que demos aqui.<\/p>\n<p>Voc\u00ea pode usar aplicativos, \u00e9 claro. Mas nem todo mundo precisa de algo t\u00e3o complexo no seu dia a dia.<\/p>\n<p>Por isso, porque n\u00e3o fazer a gest\u00e3o do tempo no trabalho usando a velha e bo dupla: papel e caneta?<\/p>\n<p><strong>\u00c9 muito simples:<\/strong><\/p>\n<ul>\n<li>No final do dia, fa\u00e7a uma lista de tudo que pretende fazer no dia seguinte.<\/li>\n<li>N\u00e3o pense na ordem de prioridade, a<strong>penas escreva tudo!<\/strong><\/li>\n<li>Depois, marque o hor\u00e1rio daqueles compromissos que j\u00e1 est\u00e3o agendado, como reuni\u00f5es e almo\u00e7os de neg\u00f3cios. Escreva ao lado do item o hor\u00e1rio marcado.<\/li>\n<li>Em seguida, marque quais s\u00e3o as tarefas mais importantes e v\u00e1 numerando ao lado: 1, 2, 3 etc.<\/li>\n<li>No dia seguinte, comece pela tarefa n\u00famero 1 e n\u00e3o largue dela at\u00e9 um hor\u00e1rio marcado de compromisso. Retome a tarefa quando voltar.<\/li>\n<li>Sega nesse ritmo, sempre riscando as tarefas que j\u00e1 cumpriu nos intervalos dos compromissos.<\/li>\n<li>No final do dia, repita o procedimento: comece anotando as tarefas que n\u00e3o conseguiu realizar, acrescente novas e os compromissos j\u00e1 agendados.<\/li>\n<\/ul>\n<p>Que achou dessa maneira f\u00e1cil de como administrar a gest\u00e3o do tempo no trabalho?<\/p>\n<p>Se voc\u00ea \u00e9 f\u00e3 de aplicativos, substitua o papel e caneta pelas listas do <a href=\"https:\/\/trello.com\/\" target=\"_blank\" rel=\"noopener\"><strong>Trello<\/strong><\/a>. Um aplicativo com vers\u00e3o gratuita e usado por grandes empresas.<\/p>\n<p>Leia tamb\u00e9m:\u00a0<strong><a href=\"https:\/\/nfe.io\/blog\/gestao-empresarial\/ideias-melhorar-produtividade-empresa\/\">4 ideias para melhorar a produtividade da empresa + 3 ferramentas para usar no dia a dia<\/a><\/strong><\/p>\n<p>Quer mais algumas dicas de como gerenciar seu tempo? Ent\u00e3o, confira este v\u00eddeo da Siteware:<\/p>\n<p><iframe loading=\"lazy\" title=\"Como fazer a Gesta\u0303o de Tempo?\" width=\"500\" height=\"281\" src=\"https:\/\/www.youtube.com\/embed\/tpL6Xn8_8RU?feature=oembed\" frameborder=\"0\" allow=\"accelerometer; autoplay; clipboard-write; encrypted-media; gyroscope; picture-in-picture; web-share\" referrerpolicy=\"strict-origin-when-cross-origin\" allowfullscreen><\/iframe><\/p>\n<h2>Automatize tarefas e facilite a gest\u00e3o de tempo no trabalho<\/h2>\n<p>Se voc\u00ea tem menos coisas para fazer, vai ficar mais f\u00e1cil gerenciar seu tempo no trabalho.<\/p>\n<p>Que tal automatizar a emiss\u00e3o de notas fiscais, por exemplo, ganhando tempo para se dedicar a outras tarefas? Com o gerenciador de notas fiscais <strong><a href=\"https:\/\/nfe.io\/\">NFE.io<\/a><\/strong> voc\u00ea ganha muito mais que tempo, at\u00e9 <strong><a href=\"https:\/\/nfe.io\/blog\/nota-fiscal\/guia-definitivo-para-comprar-seu-certificado-digital-com-desconto\/\">desconto para tirar o certificado digital<\/a><\/strong> ele d\u00e1.<\/p>\n<p>Conhe\u00e7a o NFE.io e seja mais produtivo em seu dia a dia: <strong><a href=\"https:\/\/nfe.io\/blog\/nota-fiscal\/gerenciador-de-nota-fiscal-eletronica\/\" target=\"_blank\" rel=\"noopener\">Gerenciador de nota fiscal eletr\u00f4nica: conhe\u00e7a o NFE.io<\/a><\/strong><\/p>\n<p><span data-sheets-value=\"{&quot;1&quot;:2,&quot;2&quot;:&quot; \n\n\t&lt;div class=&quot;cta-blog dark bar&quot; id=&quot;4470&quot;&gt;\n\n\t\t&lt;div class=&quot;cta-title&quot;&gt;\n\t\t\t&lt;h3&gt; &lt;\/h3&gt;\n\t\t&lt;\/div&gt;\n\n\t\t&lt;div class=&quot;cta-content&quot;&gt;\n\t\t\t&lt;p&gt;&lt;\/p&gt;\n\t\t&lt;\/div&gt;\n\n\t\t&lt;div class=&quot;cta-area&quot;&gt;\n\n\t\t\t&lt;!-- &lt;div class=&quot;left&quot;&gt;\n\t\t\t\t&lt;h5&gt;&lt;\/h5&gt;\n\t\t\t\t&lt;div id=&quot;subtitle&quot;&gt;&lt;\/div&gt;\n\t\t\t&lt;\/div&gt; --&gt;\n\n\t\t\t&lt;!-- &lt;div class=&quot;right&quot;&gt; --&gt;\n\t\t\t\t\t\t\t&lt;!-- &lt;\/div&gt; --&gt;\n\n\t\t&lt;\/div&gt;\n\n\t&lt;\/div&gt;\n\n\t&quot;}\" data-sheets-userformat=\"{&quot;2&quot;:962,&quot;4&quot;:{&quot;1&quot;:2,&quot;2&quot;:14281427},&quot;9&quot;:1,&quot;10&quot;:1,&quot;11&quot;:4,&quot;12&quot;:0}\"><\/span><\/p>\n","protected":false},"excerpt":{"rendered":"<p>Um dos principais desafios atuais \u00e9 gerenciar o tempo e conseguir realizar as in\u00fameras tarefas do dia a dia de forma efetiva e&#8230;<\/p>\n","protected":false},"author":2,"featured_media":4474,"comment_status":"open","ping_status":"open","sticky":false,"template":"","format":"standard","meta":{"_acf_changed":false,"footnotes":""},"categories":[7],"tags":[],"class_list":["post-4470","post","type-post","status-publish","format-standard","has-post-thumbnail","hentry","category-gestao-empresarial"],"acf":[],"yoast_head":"<!-- This site is optimized with the Yoast SEO plugin v25.1 - https:\/\/yoast.com\/wordpress\/plugins\/seo\/ -->\n<title>Como a gest\u00e3o do tempo no trabalho aumenta a produtividade<\/title>\n<meta name=\"description\" content=\"Planejar seu dia logo cedo, usar a famosa t\u00e9cnica pomodoro, se aliar \u00e0 tecnologia e outras dicas de gest\u00e3o do tempo no trabalho.\" \/>\n<meta name=\"robots\" content=\"index, follow, max-snippet:-1, max-image-preview:large, max-video-preview:-1\" \/>\n<link rel=\"canonical\" href=\"https:\/\/nfe.io\/blog\/gestao-empresarial\/gestao-do-tempo-no-trabalho\/\" \/>\n<meta property=\"og:locale\" content=\"en_US\" \/>\n<meta property=\"og:type\" content=\"article\" \/>\n<meta property=\"og:title\" content=\"Como a gest\u00e3o do tempo no trabalho aumenta a produtividade\" \/>\n<meta property=\"og:description\" content=\"Planejar seu dia logo cedo, usar a famosa t\u00e9cnica pomodoro, se aliar \u00e0 tecnologia e outras dicas de gest\u00e3o do tempo no trabalho.\" \/>\n<meta property=\"og:url\" content=\"https:\/\/nfe.io\/blog\/gestao-empresarial\/gestao-do-tempo-no-trabalho\/\" \/>\n<meta property=\"og:site_name\" content=\"NFE.io Blog\" \/>\n<meta property=\"article:publisher\" content=\"https:\/\/www.facebook.com\/nfe.io\" \/>\n<meta property=\"article:author\" content=\"https:\/\/fb.com\/gblmarquez\" \/>\n<meta property=\"article:published_time\" content=\"2018-01-11T11:07:26+00:00\" \/>\n<meta property=\"article:modified_time\" content=\"2022-03-23T21:44:52+00:00\" \/>\n<meta property=\"og:image\" content=\"https:\/\/nfe.io\/blog\/app\/uploads\/2018\/01\/gestao-do-tempo-no-trabalho-.jpg\" \/>\n\t<meta property=\"og:image:width\" content=\"800\" \/>\n\t<meta property=\"og:image:height\" content=\"534\" \/>\n\t<meta property=\"og:image:type\" content=\"image\/jpeg\" \/>\n<meta name=\"author\" content=\"Gabriel Marquez\" \/>\n<meta name=\"twitter:card\" content=\"summary_large_image\" \/>\n<meta name=\"twitter:creator\" content=\"@gblmarquez\" \/>\n<meta name=\"twitter:site\" content=\"@nfe_io\" \/>\n<meta name=\"twitter:label1\" content=\"Written by\" \/>\n\t<meta name=\"twitter:data1\" content=\"Gabriel Marquez\" \/>\n\t<meta name=\"twitter:label2\" content=\"Est. reading time\" \/>\n\t<meta name=\"twitter:data2\" content=\"7 minutes\" \/>\n<script type=\"application\/ld+json\" class=\"yoast-schema-graph\">{\"@context\":\"https:\/\/schema.org\",\"@graph\":[{\"@type\":\"Article\",\"@id\":\"https:\/\/nfe.io\/blog\/gestao-empresarial\/gestao-do-tempo-no-trabalho\/#article\",\"isPartOf\":{\"@id\":\"https:\/\/nfe.io\/blog\/gestao-empresarial\/gestao-do-tempo-no-trabalho\/\"},\"author\":{\"name\":\"Gabriel Marquez\",\"@id\":\"https:\/\/nfe.io\/blog\/#\/schema\/person\/5dba936eb6ef9ce2b7cd1bf6fb7aad11\"},\"headline\":\"Conhe\u00e7a t\u00e9cnicas simples para fazer a gest\u00e3o do tempo no trabalho\",\"datePublished\":\"2018-01-11T11:07:26+00:00\",\"dateModified\":\"2022-03-23T21:44:52+00:00\",\"mainEntityOfPage\":{\"@id\":\"https:\/\/nfe.io\/blog\/gestao-empresarial\/gestao-do-tempo-no-trabalho\/\"},\"wordCount\":1326,\"commentCount\":0,\"publisher\":{\"@id\":\"https:\/\/nfe.io\/blog\/#organization\"},\"image\":{\"@id\":\"https:\/\/nfe.io\/blog\/gestao-empresarial\/gestao-do-tempo-no-trabalho\/#primaryimage\"},\"thumbnailUrl\":\"https:\/\/nfe.io\/blog\/app\/uploads\/2018\/01\/gestao-do-tempo-no-trabalho-.jpg\",\"articleSection\":[\"Gest\u00e3o Empresarial\"],\"inLanguage\":\"en-US\",\"potentialAction\":[{\"@type\":\"CommentAction\",\"name\":\"Comment\",\"target\":[\"https:\/\/nfe.io\/blog\/gestao-empresarial\/gestao-do-tempo-no-trabalho\/#respond\"]}]},{\"@type\":\"WebPage\",\"@id\":\"https:\/\/nfe.io\/blog\/gestao-empresarial\/gestao-do-tempo-no-trabalho\/\",\"url\":\"https:\/\/nfe.io\/blog\/gestao-empresarial\/gestao-do-tempo-no-trabalho\/\",\"name\":\"Como a gest\u00e3o do tempo no trabalho aumenta a produtividade\",\"isPartOf\":{\"@id\":\"https:\/\/nfe.io\/blog\/#website\"},\"primaryImageOfPage\":{\"@id\":\"https:\/\/nfe.io\/blog\/gestao-empresarial\/gestao-do-tempo-no-trabalho\/#primaryimage\"},\"image\":{\"@id\":\"https:\/\/nfe.io\/blog\/gestao-empresarial\/gestao-do-tempo-no-trabalho\/#primaryimage\"},\"thumbnailUrl\":\"https:\/\/nfe.io\/blog\/app\/uploads\/2018\/01\/gestao-do-tempo-no-trabalho-.jpg\",\"datePublished\":\"2018-01-11T11:07:26+00:00\",\"dateModified\":\"2022-03-23T21:44:52+00:00\",\"description\":\"Planejar seu dia logo cedo, usar a famosa t\u00e9cnica pomodoro, se aliar \u00e0 tecnologia e outras dicas de gest\u00e3o do tempo no trabalho.\",\"breadcrumb\":{\"@id\":\"https:\/\/nfe.io\/blog\/gestao-empresarial\/gestao-do-tempo-no-trabalho\/#breadcrumb\"},\"inLanguage\":\"en-US\",\"potentialAction\":[{\"@type\":\"ReadAction\",\"target\":[\"https:\/\/nfe.io\/blog\/gestao-empresarial\/gestao-do-tempo-no-trabalho\/\"]}]},{\"@type\":\"ImageObject\",\"inLanguage\":\"en-US\",\"@id\":\"https:\/\/nfe.io\/blog\/gestao-empresarial\/gestao-do-tempo-no-trabalho\/#primaryimage\",\"url\":\"https:\/\/nfe.io\/blog\/app\/uploads\/2018\/01\/gestao-do-tempo-no-trabalho-.jpg\",\"contentUrl\":\"https:\/\/nfe.io\/blog\/app\/uploads\/2018\/01\/gestao-do-tempo-no-trabalho-.jpg\",\"width\":800,\"height\":534,\"caption\":\"gest\u00e3o do tempo no trabalho\"},{\"@type\":\"BreadcrumbList\",\"@id\":\"https:\/\/nfe.io\/blog\/gestao-empresarial\/gestao-do-tempo-no-trabalho\/#breadcrumb\",\"itemListElement\":[{\"@type\":\"ListItem\",\"position\":1,\"name\":\"Home\",\"item\":\"https:\/\/nfe.io\/blog\/\"},{\"@type\":\"ListItem\",\"position\":2,\"name\":\"Conhe\u00e7a t\u00e9cnicas simples para fazer a gest\u00e3o do tempo no trabalho\"}]},{\"@type\":\"WebSite\",\"@id\":\"https:\/\/nfe.io\/blog\/#website\",\"url\":\"https:\/\/nfe.io\/blog\/\",\"name\":\"NFE.io Blog\",\"description\":\"Automatize Suas Obriga\u00e7\u00f5es Fiscais com Efici\u00eancia\",\"publisher\":{\"@id\":\"https:\/\/nfe.io\/blog\/#organization\"},\"alternateName\":\"NFE.io\",\"potentialAction\":[{\"@type\":\"SearchAction\",\"target\":{\"@type\":\"EntryPoint\",\"urlTemplate\":\"https:\/\/nfe.io\/blog\/?s={search_term_string}\"},\"query-input\":{\"@type\":\"PropertyValueSpecification\",\"valueRequired\":true,\"valueName\":\"search_term_string\"}}],\"inLanguage\":\"en-US\"},{\"@type\":\"Organization\",\"@id\":\"https:\/\/nfe.io\/blog\/#organization\",\"name\":\"NFE io\",\"alternateName\":\"NFE\",\"url\":\"https:\/\/nfe.io\/blog\/\",\"logo\":{\"@type\":\"ImageObject\",\"inLanguage\":\"en-US\",\"@id\":\"https:\/\/nfe.io\/blog\/#\/schema\/logo\/image\/\",\"url\":\"https:\/\/nfe.io\/blog\/app\/uploads\/2020\/06\/logofooter.png\",\"contentUrl\":\"https:\/\/nfe.io\/blog\/app\/uploads\/2020\/06\/logofooter.png\",\"width\":143,\"height\":41,\"caption\":\"NFE io\"},\"image\":{\"@id\":\"https:\/\/nfe.io\/blog\/#\/schema\/logo\/image\/\"},\"sameAs\":[\"https:\/\/www.facebook.com\/nfe.io\",\"https:\/\/x.com\/nfe_io\",\"https:\/\/github.com\/nfe\",\"https:\/\/www.linkedin.com\/company\/10407705\/\",\"https:\/\/www.youtube.com\/channel\/UCB1PFw8rxeIN64k_t5FWEAQ\",\"https:\/\/www.instagram.com\/nfe.io\/\"]},{\"@type\":\"Person\",\"@id\":\"https:\/\/nfe.io\/blog\/#\/schema\/person\/5dba936eb6ef9ce2b7cd1bf6fb7aad11\",\"name\":\"Gabriel Marquez\",\"image\":{\"@type\":\"ImageObject\",\"inLanguage\":\"en-US\",\"@id\":\"https:\/\/nfe.io\/blog\/#\/schema\/person\/image\/\",\"url\":\"https:\/\/secure.gravatar.com\/avatar\/b9c35eac9573908c93a925466c8998ae2075037e3ccc57d03dea6faba89907ba?s=96&d=wp_user_avatar&r=g\",\"contentUrl\":\"https:\/\/secure.gravatar.com\/avatar\/b9c35eac9573908c93a925466c8998ae2075037e3ccc57d03dea6faba89907ba?s=96&d=wp_user_avatar&r=g\",\"caption\":\"Gabriel Marquez\"},\"description\":\"Empreendedor e Fundador da NFE.io e outras startups. Focado em ajudar empreendedores a escalar seus neg\u00f3cios. Interessado? Marque um papo!\",\"sameAs\":[\"https:\/\/nfe.io\",\"https:\/\/fb.com\/gblmarquez\",\"https:\/\/br.linkedin.com\/in\/gblmarquez\",\"https:\/\/x.com\/gblmarquez\"],\"url\":\"https:\/\/nfe.io\/blog\/author\/gabrielmarquez\/\"}]}<\/script>\n<!-- \/ Yoast SEO plugin. -->","yoast_head_json":{"title":"Como a gest\u00e3o do tempo no trabalho aumenta a produtividade","description":"Planejar seu dia logo cedo, usar a famosa t\u00e9cnica pomodoro, se aliar \u00e0 tecnologia e outras dicas de gest\u00e3o do tempo no trabalho.","robots":{"index":"index","follow":"follow","max-snippet":"max-snippet:-1","max-image-preview":"max-image-preview:large","max-video-preview":"max-video-preview:-1"},"canonical":"https:\/\/nfe.io\/blog\/gestao-empresarial\/gestao-do-tempo-no-trabalho\/","og_locale":"en_US","og_type":"article","og_title":"Como a gest\u00e3o do tempo no trabalho aumenta a produtividade","og_description":"Planejar seu dia logo cedo, usar a famosa t\u00e9cnica pomodoro, se aliar \u00e0 tecnologia e outras dicas de gest\u00e3o do tempo no trabalho.","og_url":"https:\/\/nfe.io\/blog\/gestao-empresarial\/gestao-do-tempo-no-trabalho\/","og_site_name":"NFE.io Blog","article_publisher":"https:\/\/www.facebook.com\/nfe.io","article_author":"https:\/\/fb.com\/gblmarquez","article_published_time":"2018-01-11T11:07:26+00:00","article_modified_time":"2022-03-23T21:44:52+00:00","og_image":[{"width":800,"height":534,"url":"https:\/\/nfe.io\/blog\/app\/uploads\/2018\/01\/gestao-do-tempo-no-trabalho-.jpg","type":"image\/jpeg"}],"author":"Gabriel Marquez","twitter_card":"summary_large_image","twitter_creator":"@gblmarquez","twitter_site":"@nfe_io","twitter_misc":{"Written by":"Gabriel Marquez","Est. reading time":"7 minutes"},"schema":{"@context":"https:\/\/schema.org","@graph":[{"@type":"Article","@id":"https:\/\/nfe.io\/blog\/gestao-empresarial\/gestao-do-tempo-no-trabalho\/#article","isPartOf":{"@id":"https:\/\/nfe.io\/blog\/gestao-empresarial\/gestao-do-tempo-no-trabalho\/"},"author":{"name":"Gabriel Marquez","@id":"https:\/\/nfe.io\/blog\/#\/schema\/person\/5dba936eb6ef9ce2b7cd1bf6fb7aad11"},"headline":"Conhe\u00e7a t\u00e9cnicas simples para fazer a gest\u00e3o do tempo no trabalho","datePublished":"2018-01-11T11:07:26+00:00","dateModified":"2022-03-23T21:44:52+00:00","mainEntityOfPage":{"@id":"https:\/\/nfe.io\/blog\/gestao-empresarial\/gestao-do-tempo-no-trabalho\/"},"wordCount":1326,"commentCount":0,"publisher":{"@id":"https:\/\/nfe.io\/blog\/#organization"},"image":{"@id":"https:\/\/nfe.io\/blog\/gestao-empresarial\/gestao-do-tempo-no-trabalho\/#primaryimage"},"thumbnailUrl":"https:\/\/nfe.io\/blog\/app\/uploads\/2018\/01\/gestao-do-tempo-no-trabalho-.jpg","articleSection":["Gest\u00e3o Empresarial"],"inLanguage":"en-US","potentialAction":[{"@type":"CommentAction","name":"Comment","target":["https:\/\/nfe.io\/blog\/gestao-empresarial\/gestao-do-tempo-no-trabalho\/#respond"]}]},{"@type":"WebPage","@id":"https:\/\/nfe.io\/blog\/gestao-empresarial\/gestao-do-tempo-no-trabalho\/","url":"https:\/\/nfe.io\/blog\/gestao-empresarial\/gestao-do-tempo-no-trabalho\/","name":"Como a gest\u00e3o do tempo no trabalho aumenta a produtividade","isPartOf":{"@id":"https:\/\/nfe.io\/blog\/#website"},"primaryImageOfPage":{"@id":"https:\/\/nfe.io\/blog\/gestao-empresarial\/gestao-do-tempo-no-trabalho\/#primaryimage"},"image":{"@id":"https:\/\/nfe.io\/blog\/gestao-empresarial\/gestao-do-tempo-no-trabalho\/#primaryimage"},"thumbnailUrl":"https:\/\/nfe.io\/blog\/app\/uploads\/2018\/01\/gestao-do-tempo-no-trabalho-.jpg","datePublished":"2018-01-11T11:07:26+00:00","dateModified":"2022-03-23T21:44:52+00:00","description":"Planejar seu dia logo cedo, usar a famosa t\u00e9cnica pomodoro, se aliar \u00e0 tecnologia e outras dicas de gest\u00e3o do tempo no trabalho.","breadcrumb":{"@id":"https:\/\/nfe.io\/blog\/gestao-empresarial\/gestao-do-tempo-no-trabalho\/#breadcrumb"},"inLanguage":"en-US","potentialAction":[{"@type":"ReadAction","target":["https:\/\/nfe.io\/blog\/gestao-empresarial\/gestao-do-tempo-no-trabalho\/"]}]},{"@type":"ImageObject","inLanguage":"en-US","@id":"https:\/\/nfe.io\/blog\/gestao-empresarial\/gestao-do-tempo-no-trabalho\/#primaryimage","url":"https:\/\/nfe.io\/blog\/app\/uploads\/2018\/01\/gestao-do-tempo-no-trabalho-.jpg","contentUrl":"https:\/\/nfe.io\/blog\/app\/uploads\/2018\/01\/gestao-do-tempo-no-trabalho-.jpg","width":800,"height":534,"caption":"gest\u00e3o do tempo no trabalho"},{"@type":"BreadcrumbList","@id":"https:\/\/nfe.io\/blog\/gestao-empresarial\/gestao-do-tempo-no-trabalho\/#breadcrumb","itemListElement":[{"@type":"ListItem","position":1,"name":"Home","item":"https:\/\/nfe.io\/blog\/"},{"@type":"ListItem","position":2,"name":"Conhe\u00e7a t\u00e9cnicas simples para fazer a gest\u00e3o do tempo no trabalho"}]},{"@type":"WebSite","@id":"https:\/\/nfe.io\/blog\/#website","url":"https:\/\/nfe.io\/blog\/","name":"NFE.io Blog","description":"Automatize Suas Obriga\u00e7\u00f5es Fiscais com Efici\u00eancia","publisher":{"@id":"https:\/\/nfe.io\/blog\/#organization"},"alternateName":"NFE.io","potentialAction":[{"@type":"SearchAction","target":{"@type":"EntryPoint","urlTemplate":"https:\/\/nfe.io\/blog\/?s={search_term_string}"},"query-input":{"@type":"PropertyValueSpecification","valueRequired":true,"valueName":"search_term_string"}}],"inLanguage":"en-US"},{"@type":"Organization","@id":"https:\/\/nfe.io\/blog\/#organization","name":"NFE io","alternateName":"NFE","url":"https:\/\/nfe.io\/blog\/","logo":{"@type":"ImageObject","inLanguage":"en-US","@id":"https:\/\/nfe.io\/blog\/#\/schema\/logo\/image\/","url":"https:\/\/nfe.io\/blog\/app\/uploads\/2020\/06\/logofooter.png","contentUrl":"https:\/\/nfe.io\/blog\/app\/uploads\/2020\/06\/logofooter.png","width":143,"height":41,"caption":"NFE io"},"image":{"@id":"https:\/\/nfe.io\/blog\/#\/schema\/logo\/image\/"},"sameAs":["https:\/\/www.facebook.com\/nfe.io","https:\/\/x.com\/nfe_io","https:\/\/github.com\/nfe","https:\/\/www.linkedin.com\/company\/10407705\/","https:\/\/www.youtube.com\/channel\/UCB1PFw8rxeIN64k_t5FWEAQ","https:\/\/www.instagram.com\/nfe.io\/"]},{"@type":"Person","@id":"https:\/\/nfe.io\/blog\/#\/schema\/person\/5dba936eb6ef9ce2b7cd1bf6fb7aad11","name":"Gabriel Marquez","image":{"@type":"ImageObject","inLanguage":"en-US","@id":"https:\/\/nfe.io\/blog\/#\/schema\/person\/image\/","url":"https:\/\/secure.gravatar.com\/avatar\/b9c35eac9573908c93a925466c8998ae2075037e3ccc57d03dea6faba89907ba?s=96&d=wp_user_avatar&r=g","contentUrl":"https:\/\/secure.gravatar.com\/avatar\/b9c35eac9573908c93a925466c8998ae2075037e3ccc57d03dea6faba89907ba?s=96&d=wp_user_avatar&r=g","caption":"Gabriel Marquez"},"description":"Empreendedor e Fundador da NFE.io e outras startups. Focado em ajudar empreendedores a escalar seus neg\u00f3cios. Interessado? Marque um papo!","sameAs":["https:\/\/nfe.io","https:\/\/fb.com\/gblmarquez","https:\/\/br.linkedin.com\/in\/gblmarquez","https:\/\/x.com\/gblmarquez"],"url":"https:\/\/nfe.io\/blog\/author\/gabrielmarquez\/"}]}},"_links":{"self":[{"href":"https:\/\/nfe.io\/blog\/wp-json\/wp\/v2\/posts\/4470","targetHints":{"allow":["GET"]}}],"collection":[{"href":"https:\/\/nfe.io\/blog\/wp-json\/wp\/v2\/posts"}],"about":[{"href":"https:\/\/nfe.io\/blog\/wp-json\/wp\/v2\/types\/post"}],"author":[{"embeddable":true,"href":"https:\/\/nfe.io\/blog\/wp-json\/wp\/v2\/users\/2"}],"replies":[{"embeddable":true,"href":"https:\/\/nfe.io\/blog\/wp-json\/wp\/v2\/comments?post=4470"}],"version-history":[{"count":0,"href":"https:\/\/nfe.io\/blog\/wp-json\/wp\/v2\/posts\/4470\/revisions"}],"wp:featuredmedia":[{"embeddable":true,"href":"https:\/\/nfe.io\/blog\/wp-json\/wp\/v2\/media\/4474"}],"wp:attachment":[{"href":"https:\/\/nfe.io\/blog\/wp-json\/wp\/v2\/media?parent=4470"}],"wp:term":[{"taxonomy":"category","embeddable":true,"href":"https:\/\/nfe.io\/blog\/wp-json\/wp\/v2\/categories?post=4470"},{"taxonomy":"post_tag","embeddable":true,"href":"https:\/\/nfe.io\/blog\/wp-json\/wp\/v2\/tags?post=4470"}],"curies":[{"name":"wp","href":"https:\/\/api.w.org\/{rel}","templated":true}]}}