{"id":13580,"date":"2025-10-16T12:31:06","date_gmt":"2025-10-16T15:31:06","guid":{"rendered":"https:\/\/nfe.io\/blog\/?p=13580"},"modified":"2025-10-16T12:39:17","modified_gmt":"2025-10-16T15:39:17","slug":"fim-do-sat-sp-migracao-nfce","status":"publish","type":"post","link":"https:\/\/nfe.io\/blog\/reforma-tributaria\/fim-do-sat-sp-migracao-nfce\/","title":{"rendered":"Adeus SAT, ol\u00e1 NFC-e: o que muda no PDV em S\u00e3o Paulo"},"content":{"rendered":"<p>A partir de <strong data-start=\"360\" data-end=\"385\">1\u00ba de janeiro de 2026<\/strong>, a emiss\u00e3o de cupons fiscais via SAT (CF-e-SAT) ser\u00e1 <strong data-start=\"439\" data-end=\"472\">vedada no Estado de S\u00e3o Paulo<\/strong>. Em seu lugar, vigorar\u00e1 a <strong data-start=\"499\" data-end=\"558\">Nota Fiscal de Consumidor Eletr\u00f4nica (<a href=\"https:\/\/nfe.io\/blog\/nota-fiscal\/como-emitir-nfc-e\/\" target=\"_blank\" rel=\"noopener\">NFC-e<\/a>, modelo 65)<\/strong> como documento fiscal padr\u00e3o para o varejo paulista.<br data-start=\"611\" data-end=\"614\" \/>Essa transi\u00e7\u00e3o, impulsionada pelas mudan\u00e7as da reforma tribut\u00e1ria e pela padroniza\u00e7\u00e3o nacional digital, exige preparo t\u00e9cnico e estrat\u00e9gico dos varejistas. Neste post, voc\u00ea ver\u00e1 <strong data-start=\"792\" data-end=\"817\">o que muda no seu PDV<\/strong>, como funciona a migra\u00e7\u00e3o e como evitar dores de cabe\u00e7a.<\/p>\n<h2 data-start=\"881\" data-end=\"916\">O que \u00e9 o SAT e por que existe<\/h2>\n<h3 data-start=\"917\" data-end=\"952\">Hist\u00f3rico do SAT em S\u00e3o Paulo<\/h3>\n<p data-start=\"953\" data-end=\"1327\">O SAT foi criado para substituir o ECF (Emissor de Cupom Fiscal) no ambiente digital paulista. Era um dispositivo homologado junto \u00e0 Sefaz-SP, que autenticava e transmitia cupons fiscais eletr\u00f4nicos (CF-e) gerados no ponto de venda.<br data-start=\"1185\" data-end=\"1188\" \/>Ele permitia alguma toler\u00e2ncia para opera\u00e7\u00f5es com falhas de rede, armazenando transa\u00e7\u00f5es localmente e transmitindo ao fisco posteriormente.<\/p>\n<h3 data-start=\"1329\" data-end=\"1356\">Funcionamento t\u00e9cnico<\/h3>\n<p data-start=\"1357\" data-end=\"1709\">Quando a venda \u00e9 feita, o PDV envia os dados ao SAT, que gera o CF-e-SAT (arquivo eletr\u00f4nico assinado). Esse cupom pode ser transmitido ao webservice da Sefaz, e o extrato\/vers\u00e3o impressa \u00e9 entregue ao consumidor como comprovante.<br data-start=\"1587\" data-end=\"1590\" \/>O dispositivo possui m\u00f3dulo criptogr\u00e1fico interno, armazenamento local e regras espec\u00edficas de comunica\u00e7\u00e3o com o fisco.<\/p>\n<h2 data-start=\"1716\" data-end=\"1786\">Mudan\u00e7as anunciadas: fim do SAT e migra\u00e7\u00e3o obrigat\u00f3ria para NFC-e<\/h2>\n<h3 data-start=\"1787\" data-end=\"1825\">Cronograma oficial (datas-chave)<\/h3>\n<ul>\n<li data-start=\"1828\" data-end=\"1963\">At\u00e9 <strong data-start=\"1832\" data-end=\"1858\">31 de dezembro de 2025<\/strong>: emiss\u00e3o de CF-e-SAT ainda permitida para cupons j\u00e1 autorizados.<\/li>\n<li data-start=\"1966\" data-end=\"2078\">A partir de <strong data-start=\"1978\" data-end=\"2003\">1\u00ba de janeiro de 2026<\/strong>: emiss\u00e3o de CF-e-SAT <strong data-start=\"2025\" data-end=\"2037\">proibida<\/strong>.<\/li>\n<li data-start=\"2081\" data-end=\"2245\">Ap\u00f3s essa data, ser\u00e1 poss\u00edvel <strong data-start=\"2111\" data-end=\"2171\">receber ou transmitir cupons emitidos antes da proibi\u00e7\u00e3o<\/strong> por at\u00e9 10 dias (janela t\u00e9cnica).<\/li>\n<\/ul>\n<p data-start=\"2289\" data-end=\"2572\">A Sefaz-SP entende que essa medida faz parte da moderniza\u00e7\u00e3o fiscal e da harmoniza\u00e7\u00e3o nacional do documento do varejo. O SAT deixar\u00e1 de ser obrigat\u00f3rio em SP, e o foco passa a ser a<a href=\"https:\/\/nfe.io\/blog\/nota-fiscal\/como-emitir-nfc-e\/\" target=\"_blank\" rel=\"noopener\"> NFC-e<\/a> como documento fiscal eletr\u00f4nico para o consumidor final.<\/p>\n<h2 data-start=\"2579\" data-end=\"2615\">O que \u00e9 a NFC-e e como funciona<\/h2>\n<h3 data-start=\"2616\" data-end=\"2653\">Defini\u00e7\u00e3o e escopo de aplica\u00e7\u00e3o<\/h3>\n<p data-start=\"2654\" data-end=\"3003\">A <strong data-start=\"2656\" data-end=\"2715\">NFC-e (Nota Fiscal de Consumidor Eletr\u00f4nica, mod<\/strong><\/p>\n<p data-start=\"2654\" data-end=\"3003\"><strong data-start=\"2656\" data-end=\"2715\">elo 65)<\/strong> \u00e9 o documento eletr\u00f4nico que substitui o cupom fiscal no varejo. \u00c9 utilizada em opera\u00e7\u00f5es de venda presencial ao consumidor final.<br data-start=\"2846\" data-end=\"2849\" \/>Diferente de notas entre empresas (modelo 55), ela \u00e9 voltada para opera\u00e7\u00e3o de balc\u00e3o, com uso de <strong data-start=\"2946\" data-end=\"2957\">QR Code<\/strong> no DANFE, consulta p\u00fablica e emiss\u00e3o digital.<\/p>\n<h3 data-start=\"3005\" data-end=\"3062\">Fluxo de emiss\u00e3o (XML, autoriza\u00e7\u00e3o, DANFE, QR Code)<\/h3>\n<ol>\n<li data-start=\"3066\" data-end=\"3130\">O PDV registra a venda e envia os dados via API ou integra\u00e7\u00e3o.<\/li>\n<li data-start=\"3134\" data-end=\"3192\">A plataforma fiscal gera o XML conforme layout estadual.<\/li>\n<li data-start=\"3196\" data-end=\"3267\">O XML \u00e9 transmitido ao webservice da Sefaz estadual para autoriza\u00e7\u00e3o.<\/li>\n<li data-start=\"3271\" data-end=\"3343\">Se autorizado, retorna protocolo e gera\u00e7\u00e3o do DANFE NFC-e com QR Code.<\/li>\n<li data-start=\"3347\" data-end=\"3420\">O XML e todos os dados s\u00e3o armazenados de forma segura para compliance.<\/li>\n<li data-start=\"3424\" data-end=\"3523\">Em caso de indisponibilidade, aplica-se conting\u00eancia e retentativas, conforme regulamento estadual.<\/li>\n<\/ol>\n<h2 data-start=\"3530\" data-end=\"3586\">Requisitos, limita\u00e7\u00f5es e particularidades estaduais<\/h2>\n<p><img loading=\"lazy\" decoding=\"async\" class=\"aligncenter wp-image-13581\" src=\"https:\/\/nfe.io\/blog\/app\/uploads\/2025\/10\/Cupom-Fiscal-SAT-300x199.png\" alt=\"\" width=\"500\" height=\"331\" srcset=\"https:\/\/nfe.io\/blog\/app\/uploads\/2025\/10\/Cupom-Fiscal-SAT-300x199.png 300w, https:\/\/nfe.io\/blog\/app\/uploads\/2025\/10\/Cupom-Fiscal-SAT-1024x678.png 1024w, https:\/\/nfe.io\/blog\/app\/uploads\/2025\/10\/Cupom-Fiscal-SAT-768x509.png 768w, https:\/\/nfe.io\/blog\/app\/uploads\/2025\/10\/Cupom-Fiscal-SAT-91x60.png 91w, https:\/\/nfe.io\/blog\/app\/uploads\/2025\/10\/Cupom-Fiscal-SAT.png 1680w\" sizes=\"auto, (max-width: 500px) 100vw, 500px\" \/><\/p>\n<p>&nbsp;<\/p>\n<h3 data-start=\"3587\" data-end=\"3629\">Certificado digital e formato aceito<\/h3>\n<p>&nbsp;<\/p>\n<p data-start=\"3630\" data-end=\"3806\">Para emitir NFC-e via NFE.io, \u00e9 necess\u00e1rio possuir <strong data-start=\"3681\" data-end=\"3707\">certificado digital A1<\/strong> do emitente. N\u00e3o se utiliza certificado A3 ou dispositivo fiscal (como o SAT) para essa emiss\u00e3o.<\/p>\n<h3 data-start=\"3808\" data-end=\"3853\">Conectividade e conting\u00eancia por estado<\/h3>\n<p data-start=\"3854\" data-end=\"4140\">Normalmente, a emiss\u00e3o exige conex\u00e3o com a webservice estadual. No entanto, alguns estados permitem emiss\u00e3o em <strong data-start=\"3965\" data-end=\"3994\">modo conting\u00eancia offline<\/strong>, com transmiss\u00e3o posterior. Essas regras variam muito de estado para estado (e s\u00e3o implementa\u00e7\u00f5es t\u00e9cnicas que precisam ser validada localmente).<\/p>\n<h3 data-start=\"4142\" data-end=\"4197\">Casos espec\u00edficos que exigem dispositivos fiscais<\/h3>\n<p data-start=\"4198\" data-end=\"4445\">At\u00e9 31\/12\/2025, em SP ainda vigora o uso do SAT. Ap\u00f3s essa data, cupons via SAT deixam de ser v\u00e1lidos.<br data-start=\"4300\" data-end=\"4303\" \/>Al\u00e9m disso, alguns estados ou munic\u00edpios mant\u00eam dispositivos fiscais ou exigem particularidades locais \u2014 \u00e9 importante verificar caso a caso.<\/p>\n<h2 data-start=\"4452\" data-end=\"4499\">Desafios da migra\u00e7\u00e3o para empresas com SAT<\/h2>\n<h3 data-start=\"4500\" data-end=\"4526\">Ajustes de PDV e ERP<\/h3>\n<p data-start=\"4527\" data-end=\"4709\">O software de caixa ou ERP dos clientes dever\u00e1 ser adaptado para gera\u00e7\u00e3o de XML, integra\u00e7\u00e3o com API, gera\u00e7\u00e3o de QR Code, tratamento de conting\u00eancia e manuseio de rejei\u00e7\u00f5es fiscais.<\/p>\n<h3 data-start=\"4711\" data-end=\"4751\">Testes, homologa\u00e7\u00e3o e conting\u00eancia<\/h3>\n<p data-start=\"4752\" data-end=\"4925\">\u00c9 essencial fazer testes em ambientes de homologa\u00e7\u00e3o antes da produ\u00e7\u00e3o, simular cen\u00e1rios de queda de conex\u00e3o (modo conting\u00eancia), rejei\u00e7\u00f5es, cancelamentos e inutiliza\u00e7\u00f5es.<\/p>\n<h3 data-start=\"4927\" data-end=\"4975\">Riscos de rejei\u00e7\u00e3o e impactos operacionais<\/h3>\n<p data-start=\"4976\" data-end=\"5189\">Erros de preenchimento fiscal, layout incorreto, campos obrigat\u00f3rios ausentes ou falhas de autoriza\u00e7\u00e3o podem rejeitar a nota. Isso pode paralisar o PDV se n\u00e3o houver fallback ou plano de conting\u00eancia bem definido.<\/p>\n<h2 data-start=\"5196\" data-end=\"5268\">Oportunidades estrat\u00e9gicas para plataformas fiscais (como a NFE.io)<\/h2>\n<h3 data-start=\"5269\" data-end=\"5315\">Oferta de API \/ integra\u00e7\u00e3o plug-and-play<\/h3>\n<p data-start=\"5316\" data-end=\"5466\">Fornecer APIs robustas que simplifiquem a emiss\u00e3o, tratamento de erros e fallback, ajudando clientes a migrarem sem refazer toda a arquitetura fiscal.<\/p>\n<h3 data-start=\"5468\" data-end=\"5502\">White-label para ERPs \/ PDVs<\/h3>\n<p data-start=\"5503\" data-end=\"5629\">Servir como \u201cmotor fiscal\u201d para ERPs e empresas de PDV, de modo que eles foquem no front e a NFE.io cuide da emiss\u00e3o fiscal.<\/p>\n<h3 data-start=\"5631\" data-end=\"5684\">Servi\u00e7os de compliance, monitoramento e suporte<\/h3>\n<p data-start=\"5685\" data-end=\"5846\">Oferecer camada de monitoramento (logs, alertas, retentativas autom\u00e1ticas), relat\u00f3rios fiscais e suporte t\u00e9cnico especializado para estados com regras complexas.<\/p>\n<h2 data-start=\"5853\" data-end=\"5884\">Como se preparar para 2026<\/h2>\n<h3 data-start=\"5885\" data-end=\"5908\">Checklist de a\u00e7\u00e3o<\/h3>\n<ul>\n<li data-start=\"5911\" data-end=\"5960\">Valide que seu sistema suporta emiss\u00e3o de NFC-e<\/li>\n<li data-start=\"5963\" data-end=\"6000\">Gere\/obtenha certificado digital A1<\/li>\n<li data-start=\"6003\" data-end=\"6057\">Fa\u00e7a credenciamento junto \u00e0 Sefaz-SP e obtenha o CSC<\/li>\n<li data-start=\"6060\" data-end=\"6090\">Planeje cronograma de testes<\/li>\n<li data-start=\"6093\" data-end=\"6140\">Fa\u00e7a homologa\u00e7\u00e3o e simula\u00e7\u00f5es de conting\u00eancia<\/li>\n<li data-start=\"6143\" data-end=\"6188\">Treine sua equipe de loja e opera\u00e7\u00e3o fiscal<\/li>\n<\/ul>\n<h3 data-start=\"6190\" data-end=\"6221\">Cronograma de implanta\u00e7\u00e3o<\/h3>\n<p data-start=\"6222\" data-end=\"6352\">Idealmente, a migra\u00e7\u00e3o deve come\u00e7ar em <strong data-start=\"6261\" data-end=\"6269\">2025<\/strong>, com testes e homologa\u00e7\u00e3o antes de dezembro, para evitar correrias de \u00faltima hora.<\/p>\n<h3 data-start=\"6354\" data-end=\"6378\">Fatores de sucesso<\/h3>\n<ul>\n<li data-start=\"6381\" data-end=\"6409\">Antecipa\u00e7\u00e3o e planejamento<\/li>\n<li data-start=\"6412\" data-end=\"6454\">Software emissor robusto e bem integrado<\/li>\n<li data-start=\"6457\" data-end=\"6497\">Contorno de conting\u00eancia bem desenhado<\/li>\n<li data-start=\"6500\" data-end=\"6561\">Suporte t\u00e9cnico e transpar\u00eancia com fornecedores de PDV\/ERP<\/li>\n<\/ul>\n<h2 data-start=\"489\" data-end=\"520\">Pr\u00f3ximos passos com a NFE.io<\/h2>\n<p data-start=\"522\" data-end=\"614\"><strong data-start=\"522\" data-end=\"555\">N\u00e3o deixe para a \u00faltima hora.<\/strong> Se voc\u00ea quer garantir que seu PDV esteja pronto para 2026:<\/p>\n<ul>\n<li data-start=\"618\" data-end=\"742\"><span data-start=\"627\" data-end=\"677\">Fale com um dos especialistas da<\/span><strong data-start=\"627\" data-end=\"677\"> NFE.io<\/strong> para ver como funciona a emiss\u00e3o NFC-e via API no seu cen\u00e1rio.<\/li>\n<li data-start=\"876\" data-end=\"1000\">Implemente um <strong data-start=\"890\" data-end=\"933\">plano de transi\u00e7\u00e3o com suporte dedicado<\/strong>, onde passaremos pela homologa\u00e7\u00e3o e os testes<\/li>\n<\/ul>\n<p data-start=\"1002\" data-end=\"1154\"><a href=\"https:\/\/nfe.io\/contato\/\"><strong data-start=\"1005\" data-end=\"1027\">Fale conosco agora<\/strong><\/a> e comece a preparar seu PDV para a era da NFC-e sem dor de cabe\u00e7a.<\/p>\n","protected":false},"excerpt":{"rendered":"<p>A partir de 1\u00ba de janeiro de 2026, a emiss\u00e3o de cupons fiscais via SAT (CF-e-SAT) ser\u00e1 vedada no Estado de S\u00e3o Paulo&#8230;.<\/p>\n","protected":false},"author":30,"featured_media":13581,"comment_status":"open","ping_status":"closed","sticky":false,"template":"","format":"standard","meta":{"_acf_changed":false,"footnotes":""},"categories":[87],"tags":[],"class_list":["post-13580","post","type-post","status-publish","format-standard","has-post-thumbnail","hentry","category-reforma-tributaria"],"acf":[],"yoast_head":"<!-- This site is optimized with the Yoast SEO plugin v25.1 - https:\/\/yoast.com\/wordpress\/plugins\/seo\/ -->\n<title>Adeus SAT, ol\u00e1 NFC-e: o que muda no PDV em S\u00e3o Paulo - NFE.io Blog<\/title>\n<meta name=\"description\" content=\"Acabe com a incerteza: entenda como a migra\u00e7\u00e3o do SAT para a NFC-e impacta seu PDV em S\u00e3o Paulo e quais mudan\u00e7as voc\u00ea precisa antecipar.\" \/>\n<meta name=\"robots\" content=\"index, follow, max-snippet:-1, max-image-preview:large, max-video-preview:-1\" \/>\n<link rel=\"canonical\" href=\"https:\/\/nfe.io\/blog\/reforma-tributaria\/fim-do-sat-sp-migracao-nfce\/\" \/>\n<meta property=\"og:locale\" content=\"en_US\" \/>\n<meta property=\"og:type\" content=\"article\" \/>\n<meta property=\"og:title\" content=\"Adeus SAT, ol\u00e1 NFC-e: o que muda no PDV em S\u00e3o Paulo - NFE.io Blog\" \/>\n<meta property=\"og:description\" content=\"Acabe com a incerteza: entenda como a migra\u00e7\u00e3o do SAT para a NFC-e impacta seu PDV em S\u00e3o Paulo e quais mudan\u00e7as voc\u00ea precisa antecipar.\" \/>\n<meta property=\"og:url\" content=\"https:\/\/nfe.io\/blog\/reforma-tributaria\/fim-do-sat-sp-migracao-nfce\/\" \/>\n<meta property=\"og:site_name\" content=\"NFE.io Blog\" \/>\n<meta property=\"article:publisher\" content=\"https:\/\/www.facebook.com\/nfe.io\" \/>\n<meta property=\"article:published_time\" content=\"2025-10-16T15:31:06+00:00\" \/>\n<meta property=\"article:modified_time\" content=\"2025-10-16T15:39:17+00:00\" \/>\n<meta property=\"og:image\" content=\"https:\/\/nfe.io\/blog\/app\/uploads\/2025\/10\/Cupom-Fiscal-SAT.png\" \/>\n\t<meta property=\"og:image:width\" content=\"1680\" \/>\n\t<meta property=\"og:image:height\" content=\"1113\" \/>\n\t<meta property=\"og:image:type\" content=\"image\/png\" \/>\n<meta name=\"author\" content=\"renan.franca@nfe.io\" \/>\n<meta name=\"twitter:card\" content=\"summary_large_image\" \/>\n<meta name=\"twitter:creator\" content=\"@nfe_io\" \/>\n<meta name=\"twitter:site\" content=\"@nfe_io\" \/>\n<meta name=\"twitter:label1\" content=\"Written by\" \/>\n\t<meta name=\"twitter:data1\" content=\"renan.franca@nfe.io\" \/>\n\t<meta name=\"twitter:label2\" content=\"Est. reading time\" \/>\n\t<meta name=\"twitter:data2\" content=\"5 minutes\" \/>\n<script type=\"application\/ld+json\" class=\"yoast-schema-graph\">{\"@context\":\"https:\/\/schema.org\",\"@graph\":[{\"@type\":\"Article\",\"@id\":\"https:\/\/nfe.io\/blog\/reforma-tributaria\/fim-do-sat-sp-migracao-nfce\/#article\",\"isPartOf\":{\"@id\":\"https:\/\/nfe.io\/blog\/reforma-tributaria\/fim-do-sat-sp-migracao-nfce\/\"},\"author\":{\"name\":\"renan.franca@nfe.io\",\"@id\":\"https:\/\/nfe.io\/blog\/#\/schema\/person\/c86fcf916c35b87485d45af3a4a1dbab\"},\"headline\":\"Adeus SAT, ol\u00e1 NFC-e: o que muda no PDV em S\u00e3o Paulo\",\"datePublished\":\"2025-10-16T15:31:06+00:00\",\"dateModified\":\"2025-10-16T15:39:17+00:00\",\"mainEntityOfPage\":{\"@id\":\"https:\/\/nfe.io\/blog\/reforma-tributaria\/fim-do-sat-sp-migracao-nfce\/\"},\"wordCount\":1068,\"commentCount\":0,\"publisher\":{\"@id\":\"https:\/\/nfe.io\/blog\/#organization\"},\"image\":{\"@id\":\"https:\/\/nfe.io\/blog\/reforma-tributaria\/fim-do-sat-sp-migracao-nfce\/#primaryimage\"},\"thumbnailUrl\":\"https:\/\/nfe.io\/blog\/app\/uploads\/2025\/10\/Cupom-Fiscal-SAT.png\",\"articleSection\":[\"Reforma Tribut\u00e1ria\"],\"inLanguage\":\"en-US\",\"potentialAction\":[{\"@type\":\"CommentAction\",\"name\":\"Comment\",\"target\":[\"https:\/\/nfe.io\/blog\/reforma-tributaria\/fim-do-sat-sp-migracao-nfce\/#respond\"]}]},{\"@type\":\"WebPage\",\"@id\":\"https:\/\/nfe.io\/blog\/reforma-tributaria\/fim-do-sat-sp-migracao-nfce\/\",\"url\":\"https:\/\/nfe.io\/blog\/reforma-tributaria\/fim-do-sat-sp-migracao-nfce\/\",\"name\":\"Adeus SAT, ol\u00e1 NFC-e: o que muda no PDV em S\u00e3o Paulo - NFE.io Blog\",\"isPartOf\":{\"@id\":\"https:\/\/nfe.io\/blog\/#website\"},\"primaryImageOfPage\":{\"@id\":\"https:\/\/nfe.io\/blog\/reforma-tributaria\/fim-do-sat-sp-migracao-nfce\/#primaryimage\"},\"image\":{\"@id\":\"https:\/\/nfe.io\/blog\/reforma-tributaria\/fim-do-sat-sp-migracao-nfce\/#primaryimage\"},\"thumbnailUrl\":\"https:\/\/nfe.io\/blog\/app\/uploads\/2025\/10\/Cupom-Fiscal-SAT.png\",\"datePublished\":\"2025-10-16T15:31:06+00:00\",\"dateModified\":\"2025-10-16T15:39:17+00:00\",\"description\":\"Acabe com a incerteza: entenda como a migra\u00e7\u00e3o do SAT para a NFC-e impacta seu PDV em S\u00e3o Paulo e quais mudan\u00e7as voc\u00ea precisa antecipar.\",\"breadcrumb\":{\"@id\":\"https:\/\/nfe.io\/blog\/reforma-tributaria\/fim-do-sat-sp-migracao-nfce\/#breadcrumb\"},\"inLanguage\":\"en-US\",\"potentialAction\":[{\"@type\":\"ReadAction\",\"target\":[\"https:\/\/nfe.io\/blog\/reforma-tributaria\/fim-do-sat-sp-migracao-nfce\/\"]}]},{\"@type\":\"ImageObject\",\"inLanguage\":\"en-US\",\"@id\":\"https:\/\/nfe.io\/blog\/reforma-tributaria\/fim-do-sat-sp-migracao-nfce\/#primaryimage\",\"url\":\"https:\/\/nfe.io\/blog\/app\/uploads\/2025\/10\/Cupom-Fiscal-SAT.png\",\"contentUrl\":\"https:\/\/nfe.io\/blog\/app\/uploads\/2025\/10\/Cupom-Fiscal-SAT.png\",\"width\":1680,\"height\":1113},{\"@type\":\"BreadcrumbList\",\"@id\":\"https:\/\/nfe.io\/blog\/reforma-tributaria\/fim-do-sat-sp-migracao-nfce\/#breadcrumb\",\"itemListElement\":[{\"@type\":\"ListItem\",\"position\":1,\"name\":\"Home\",\"item\":\"https:\/\/nfe.io\/blog\/\"},{\"@type\":\"ListItem\",\"position\":2,\"name\":\"Adeus SAT, ol\u00e1 NFC-e: o que muda no PDV em S\u00e3o Paulo\"}]},{\"@type\":\"WebSite\",\"@id\":\"https:\/\/nfe.io\/blog\/#website\",\"url\":\"https:\/\/nfe.io\/blog\/\",\"name\":\"NFE.io Blog\",\"description\":\"Automatize Suas Obriga\u00e7\u00f5es Fiscais com Efici\u00eancia\",\"publisher\":{\"@id\":\"https:\/\/nfe.io\/blog\/#organization\"},\"alternateName\":\"NFE.io\",\"potentialAction\":[{\"@type\":\"SearchAction\",\"target\":{\"@type\":\"EntryPoint\",\"urlTemplate\":\"https:\/\/nfe.io\/blog\/?s={search_term_string}\"},\"query-input\":{\"@type\":\"PropertyValueSpecification\",\"valueRequired\":true,\"valueName\":\"search_term_string\"}}],\"inLanguage\":\"en-US\"},{\"@type\":\"Organization\",\"@id\":\"https:\/\/nfe.io\/blog\/#organization\",\"name\":\"NFE io\",\"alternateName\":\"NFE\",\"url\":\"https:\/\/nfe.io\/blog\/\",\"logo\":{\"@type\":\"ImageObject\",\"inLanguage\":\"en-US\",\"@id\":\"https:\/\/nfe.io\/blog\/#\/schema\/logo\/image\/\",\"url\":\"https:\/\/nfe.io\/blog\/app\/uploads\/2020\/06\/logofooter.png\",\"contentUrl\":\"https:\/\/nfe.io\/blog\/app\/uploads\/2020\/06\/logofooter.png\",\"width\":143,\"height\":41,\"caption\":\"NFE io\"},\"image\":{\"@id\":\"https:\/\/nfe.io\/blog\/#\/schema\/logo\/image\/\"},\"sameAs\":[\"https:\/\/www.facebook.com\/nfe.io\",\"https:\/\/x.com\/nfe_io\",\"https:\/\/github.com\/nfe\",\"https:\/\/www.linkedin.com\/company\/10407705\/\",\"https:\/\/www.youtube.com\/channel\/UCB1PFw8rxeIN64k_t5FWEAQ\",\"https:\/\/www.instagram.com\/nfe.io\/\"]},{\"@type\":\"Person\",\"@id\":\"https:\/\/nfe.io\/blog\/#\/schema\/person\/c86fcf916c35b87485d45af3a4a1dbab\",\"name\":\"renan.franca@nfe.io\",\"image\":{\"@type\":\"ImageObject\",\"inLanguage\":\"en-US\",\"@id\":\"https:\/\/nfe.io\/blog\/#\/schema\/person\/image\/\",\"url\":\"https:\/\/secure.gravatar.com\/avatar\/a92cd7c0837407836d608ba437afe4d99bf2ef93bd1514ab14e6d1373b4332e3?s=96&d=wp_user_avatar&r=g\",\"contentUrl\":\"https:\/\/secure.gravatar.com\/avatar\/a92cd7c0837407836d608ba437afe4d99bf2ef93bd1514ab14e6d1373b4332e3?s=96&d=wp_user_avatar&r=g\",\"caption\":\"renan.franca@nfe.io\"},\"url\":\"https:\/\/nfe.io\/blog\/author\/renan-francanfe-io\/\"}]}<\/script>\n<!-- \/ Yoast SEO plugin. -->","yoast_head_json":{"title":"Adeus SAT, ol\u00e1 NFC-e: o que muda no PDV em S\u00e3o Paulo - NFE.io Blog","description":"Acabe com a incerteza: entenda como a migra\u00e7\u00e3o do SAT para a NFC-e impacta seu PDV em S\u00e3o Paulo e quais mudan\u00e7as voc\u00ea precisa antecipar.","robots":{"index":"index","follow":"follow","max-snippet":"max-snippet:-1","max-image-preview":"max-image-preview:large","max-video-preview":"max-video-preview:-1"},"canonical":"https:\/\/nfe.io\/blog\/reforma-tributaria\/fim-do-sat-sp-migracao-nfce\/","og_locale":"en_US","og_type":"article","og_title":"Adeus SAT, ol\u00e1 NFC-e: o que muda no PDV em S\u00e3o Paulo - NFE.io Blog","og_description":"Acabe com a incerteza: entenda como a migra\u00e7\u00e3o do SAT para a NFC-e impacta seu PDV em S\u00e3o Paulo e quais mudan\u00e7as voc\u00ea precisa antecipar.","og_url":"https:\/\/nfe.io\/blog\/reforma-tributaria\/fim-do-sat-sp-migracao-nfce\/","og_site_name":"NFE.io Blog","article_publisher":"https:\/\/www.facebook.com\/nfe.io","article_published_time":"2025-10-16T15:31:06+00:00","article_modified_time":"2025-10-16T15:39:17+00:00","og_image":[{"width":1680,"height":1113,"url":"https:\/\/nfe.io\/blog\/app\/uploads\/2025\/10\/Cupom-Fiscal-SAT.png","type":"image\/png"}],"author":"renan.franca@nfe.io","twitter_card":"summary_large_image","twitter_creator":"@nfe_io","twitter_site":"@nfe_io","twitter_misc":{"Written by":"renan.franca@nfe.io","Est. reading time":"5 minutes"},"schema":{"@context":"https:\/\/schema.org","@graph":[{"@type":"Article","@id":"https:\/\/nfe.io\/blog\/reforma-tributaria\/fim-do-sat-sp-migracao-nfce\/#article","isPartOf":{"@id":"https:\/\/nfe.io\/blog\/reforma-tributaria\/fim-do-sat-sp-migracao-nfce\/"},"author":{"name":"renan.franca@nfe.io","@id":"https:\/\/nfe.io\/blog\/#\/schema\/person\/c86fcf916c35b87485d45af3a4a1dbab"},"headline":"Adeus SAT, ol\u00e1 NFC-e: o que muda no PDV em S\u00e3o Paulo","datePublished":"2025-10-16T15:31:06+00:00","dateModified":"2025-10-16T15:39:17+00:00","mainEntityOfPage":{"@id":"https:\/\/nfe.io\/blog\/reforma-tributaria\/fim-do-sat-sp-migracao-nfce\/"},"wordCount":1068,"commentCount":0,"publisher":{"@id":"https:\/\/nfe.io\/blog\/#organization"},"image":{"@id":"https:\/\/nfe.io\/blog\/reforma-tributaria\/fim-do-sat-sp-migracao-nfce\/#primaryimage"},"thumbnailUrl":"https:\/\/nfe.io\/blog\/app\/uploads\/2025\/10\/Cupom-Fiscal-SAT.png","articleSection":["Reforma Tribut\u00e1ria"],"inLanguage":"en-US","potentialAction":[{"@type":"CommentAction","name":"Comment","target":["https:\/\/nfe.io\/blog\/reforma-tributaria\/fim-do-sat-sp-migracao-nfce\/#respond"]}]},{"@type":"WebPage","@id":"https:\/\/nfe.io\/blog\/reforma-tributaria\/fim-do-sat-sp-migracao-nfce\/","url":"https:\/\/nfe.io\/blog\/reforma-tributaria\/fim-do-sat-sp-migracao-nfce\/","name":"Adeus SAT, ol\u00e1 NFC-e: o que muda no PDV em S\u00e3o Paulo - NFE.io Blog","isPartOf":{"@id":"https:\/\/nfe.io\/blog\/#website"},"primaryImageOfPage":{"@id":"https:\/\/nfe.io\/blog\/reforma-tributaria\/fim-do-sat-sp-migracao-nfce\/#primaryimage"},"image":{"@id":"https:\/\/nfe.io\/blog\/reforma-tributaria\/fim-do-sat-sp-migracao-nfce\/#primaryimage"},"thumbnailUrl":"https:\/\/nfe.io\/blog\/app\/uploads\/2025\/10\/Cupom-Fiscal-SAT.png","datePublished":"2025-10-16T15:31:06+00:00","dateModified":"2025-10-16T15:39:17+00:00","description":"Acabe com a incerteza: entenda como a migra\u00e7\u00e3o do SAT para a NFC-e impacta seu PDV em S\u00e3o Paulo e quais mudan\u00e7as voc\u00ea precisa antecipar.","breadcrumb":{"@id":"https:\/\/nfe.io\/blog\/reforma-tributaria\/fim-do-sat-sp-migracao-nfce\/#breadcrumb"},"inLanguage":"en-US","potentialAction":[{"@type":"ReadAction","target":["https:\/\/nfe.io\/blog\/reforma-tributaria\/fim-do-sat-sp-migracao-nfce\/"]}]},{"@type":"ImageObject","inLanguage":"en-US","@id":"https:\/\/nfe.io\/blog\/reforma-tributaria\/fim-do-sat-sp-migracao-nfce\/#primaryimage","url":"https:\/\/nfe.io\/blog\/app\/uploads\/2025\/10\/Cupom-Fiscal-SAT.png","contentUrl":"https:\/\/nfe.io\/blog\/app\/uploads\/2025\/10\/Cupom-Fiscal-SAT.png","width":1680,"height":1113},{"@type":"BreadcrumbList","@id":"https:\/\/nfe.io\/blog\/reforma-tributaria\/fim-do-sat-sp-migracao-nfce\/#breadcrumb","itemListElement":[{"@type":"ListItem","position":1,"name":"Home","item":"https:\/\/nfe.io\/blog\/"},{"@type":"ListItem","position":2,"name":"Adeus SAT, ol\u00e1 NFC-e: o que muda no PDV em S\u00e3o Paulo"}]},{"@type":"WebSite","@id":"https:\/\/nfe.io\/blog\/#website","url":"https:\/\/nfe.io\/blog\/","name":"NFE.io Blog","description":"Automatize Suas Obriga\u00e7\u00f5es Fiscais com Efici\u00eancia","publisher":{"@id":"https:\/\/nfe.io\/blog\/#organization"},"alternateName":"NFE.io","potentialAction":[{"@type":"SearchAction","target":{"@type":"EntryPoint","urlTemplate":"https:\/\/nfe.io\/blog\/?s={search_term_string}"},"query-input":{"@type":"PropertyValueSpecification","valueRequired":true,"valueName":"search_term_string"}}],"inLanguage":"en-US"},{"@type":"Organization","@id":"https:\/\/nfe.io\/blog\/#organization","name":"NFE io","alternateName":"NFE","url":"https:\/\/nfe.io\/blog\/","logo":{"@type":"ImageObject","inLanguage":"en-US","@id":"https:\/\/nfe.io\/blog\/#\/schema\/logo\/image\/","url":"https:\/\/nfe.io\/blog\/app\/uploads\/2020\/06\/logofooter.png","contentUrl":"https:\/\/nfe.io\/blog\/app\/uploads\/2020\/06\/logofooter.png","width":143,"height":41,"caption":"NFE io"},"image":{"@id":"https:\/\/nfe.io\/blog\/#\/schema\/logo\/image\/"},"sameAs":["https:\/\/www.facebook.com\/nfe.io","https:\/\/x.com\/nfe_io","https:\/\/github.com\/nfe","https:\/\/www.linkedin.com\/company\/10407705\/","https:\/\/www.youtube.com\/channel\/UCB1PFw8rxeIN64k_t5FWEAQ","https:\/\/www.instagram.com\/nfe.io\/"]},{"@type":"Person","@id":"https:\/\/nfe.io\/blog\/#\/schema\/person\/c86fcf916c35b87485d45af3a4a1dbab","name":"renan.franca@nfe.io","image":{"@type":"ImageObject","inLanguage":"en-US","@id":"https:\/\/nfe.io\/blog\/#\/schema\/person\/image\/","url":"https:\/\/secure.gravatar.com\/avatar\/a92cd7c0837407836d608ba437afe4d99bf2ef93bd1514ab14e6d1373b4332e3?s=96&d=wp_user_avatar&r=g","contentUrl":"https:\/\/secure.gravatar.com\/avatar\/a92cd7c0837407836d608ba437afe4d99bf2ef93bd1514ab14e6d1373b4332e3?s=96&d=wp_user_avatar&r=g","caption":"renan.franca@nfe.io"},"url":"https:\/\/nfe.io\/blog\/author\/renan-francanfe-io\/"}]}},"_links":{"self":[{"href":"https:\/\/nfe.io\/blog\/wp-json\/wp\/v2\/posts\/13580","targetHints":{"allow":["GET"]}}],"collection":[{"href":"https:\/\/nfe.io\/blog\/wp-json\/wp\/v2\/posts"}],"about":[{"href":"https:\/\/nfe.io\/blog\/wp-json\/wp\/v2\/types\/post"}],"author":[{"embeddable":true,"href":"https:\/\/nfe.io\/blog\/wp-json\/wp\/v2\/users\/30"}],"replies":[{"embeddable":true,"href":"https:\/\/nfe.io\/blog\/wp-json\/wp\/v2\/comments?post=13580"}],"version-history":[{"count":3,"href":"https:\/\/nfe.io\/blog\/wp-json\/wp\/v2\/posts\/13580\/revisions"}],"predecessor-version":[{"id":13587,"href":"https:\/\/nfe.io\/blog\/wp-json\/wp\/v2\/posts\/13580\/revisions\/13587"}],"wp:featuredmedia":[{"embeddable":true,"href":"https:\/\/nfe.io\/blog\/wp-json\/wp\/v2\/media\/13581"}],"wp:attachment":[{"href":"https:\/\/nfe.io\/blog\/wp-json\/wp\/v2\/media?parent=13580"}],"wp:term":[{"taxonomy":"category","embeddable":true,"href":"https:\/\/nfe.io\/blog\/wp-json\/wp\/v2\/categories?post=13580"},{"taxonomy":"post_tag","embeddable":true,"href":"https:\/\/nfe.io\/blog\/wp-json\/wp\/v2\/tags?post=13580"}],"curies":[{"name":"wp","href":"https:\/\/api.w.org\/{rel}","templated":true}]}}