{"id":13572,"date":"2025-10-13T15:03:21","date_gmt":"2025-10-13T18:03:21","guid":{"rendered":"https:\/\/nfe.io\/blog\/?p=13572"},"modified":"2025-10-13T17:40:08","modified_gmt":"2025-10-13T20:40:08","slug":"fim-da-nfce-para-empresas","status":"publish","type":"post","link":"https:\/\/nfe.io\/blog\/reforma-tributaria\/fim-da-nfce-para-empresas\/","title":{"rendered":"Fim da NFC-e para empresas: o que mudou e por que"},"content":{"rendered":"<p data-start=\"549\" data-end=\"955\">O ambiente tribut\u00e1rio brasileiro est\u00e1 cada vez mais din\u00e2mico. Uma das altera\u00e7\u00f5es mais relevantes anunciadas recentemente \u00e9 a proibi\u00e7\u00e3o da emiss\u00e3o de <strong data-start=\"698\" data-end=\"719\">NFC-e (modelo 65)<\/strong> para destinat\u00e1rios com <strong data-start=\"743\" data-end=\"751\">CNPJ<\/strong>. Embora a previs\u00e3o original fosse novembro de 2025, essa exig\u00eancia foi adiada para janeiro de 2026 em muitos casos. Neste post, explico por que isso mudou, o que implica para empresas e como se preparar.<\/p>\n<h3 data-start=\"857\" data-end=\"895\">O plano original para essa regra: novembro de 2025<\/h3>\n<ul>\n<li data-start=\"899\" data-end=\"1093\">Com o <strong data-start=\"905\" data-end=\"933\">Ajuste SINIEF n\u00ba 11\/2025<\/strong>, publicado em 30 de abril de 2025, ficou definido que a norma passaria a vigorar a partir de <strong data-start=\"1027\" data-end=\"1052\">3 de novembro de 2025<\/strong>.<\/li>\n<li data-start=\"1096\" data-end=\"1307\">Esse ajuste insere no texto legal que, <em data-start=\"1135\" data-end=\"1266\">\u201cnas opera\u00e7\u00f5es com mercadorias em que o destinat\u00e1rio precise ser identificado pelo CNPJ, dever\u00e1 ser utilizada a NF-e (modelo 55)\u201d<\/em>.<\/li>\n<li data-start=\"1310\" data-end=\"1601\">Em paralelo, o <strong data-start=\"1325\" data-end=\"1353\">Ajuste SINIEF n\u00ba 12\/2025<\/strong> tamb\u00e9m entra em vigor em 3 de novembro de 2025 e traz modifica\u00e7\u00f5es na NF-e (ex: DANFE simplificado, facultatividade de endere\u00e7o em opera\u00e7\u00f5es presenciais) para tornar a emiss\u00e3o mais vi\u00e1vel nesse novo cen\u00e1rio.<\/li>\n<li data-start=\"1604\" data-end=\"1800\">Assim, o planejamento original era que, j\u00e1 a partir de novembro, qualquer venda para cliente com CNPJ s\u00f3 poderia ser feita via <strong data-start=\"1731\" data-end=\"1739\">NF-e<\/strong>, n\u00e3o mais com NFC-e.<\/li>\n<\/ul>\n<h3 data-start=\"1807\" data-end=\"1845\">O adiamento: por que e para quando<\/h3>\n<ul>\n<li data-start=\"1849\" data-end=\"2199\">Apesar da previs\u00e3o de novembro de 2025, algumas publica\u00e7\u00f5es em not\u00edcias e notas t\u00e9cnicas j\u00e1 mencionam um <strong data-start=\"1954\" data-end=\"1983\">postergamento da vig\u00eancia<\/strong>, passando para <strong data-start=\"1999\" data-end=\"2018\">janeiro de 2026<\/strong> para determinados contribuintes ou estados \u2014 justamente para dar prazo maior para adapta\u00e7\u00e3o. (isto \u00e9 algo que voc\u00ea j\u00e1 citou, e aparece em v\u00e1rias mat\u00e9rias de contabilidade\/fiscal)<\/li>\n<li data-start=\"2202\" data-end=\"2417\">A not\u00edcia que voc\u00ea trouxe do site do Confaz (Ajuste SINIEF 30\/2025) confirma que a obrigatoriedade foi adiada para <strong data-start=\"2317\" data-end=\"2341\">5 de janeiro de 2026<\/strong> \u2014 ou seja: o novo prazo para a veda\u00e7\u00e3o de NFC-e para CNPJ ser\u00e1 essa data.<\/li>\n<li data-start=\"2420\" data-end=\"2784\">A raz\u00e3o do adiamento n\u00e3o costuma estar explicitada nos ajustes com riqueza de detalhes, mas na pr\u00e1tica isso costuma acontecer quando o governo \u2014 Fisco federal e estadual \u2014 quer evitar que empresas fiquem desamparadas, dar mais tempo aos desenvolvedores de sistemas, aos estados para publica\u00e7\u00e3o de atos complementares, al\u00e9m de busca por maior seguran\u00e7a operacional.<\/li>\n<\/ul>\n<h3 data-start=\"1570\" data-end=\"1595\">Por que essa mudan\u00e7a?<\/h3>\n<ol>\n<li data-start=\"1600\" data-end=\"1758\"><strong data-start=\"1600\" data-end=\"1649\">Distin\u00e7\u00e3o mais clara entre documentos fiscais<\/strong><br data-start=\"1649\" data-end=\"1652\" \/>NFC-e foi concebida para consumidor final. Limitar seu uso ao p\u00fablico pessoa f\u00edsica evita uso indevido.<\/li>\n<li data-start=\"1763\" data-end=\"1917\"><strong data-start=\"1763\" data-end=\"1804\">Melhor rastreabilidade e fiscaliza\u00e7\u00e3o<\/strong><br data-start=\"1804\" data-end=\"1807\" \/>Concentra\u00e7\u00e3o de opera\u00e7\u00f5es B2B na NF-e (mais completa) facilita o cruzamento de dados e controle pelo Fisco.<\/li>\n<li data-start=\"1922\" data-end=\"2054\"><strong data-start=\"1922\" data-end=\"1962\">Alinhamento com reformas tribut\u00e1rias<\/strong><br data-start=\"1962\" data-end=\"1965\" \/>A mudan\u00e7a integra o esfor\u00e7o de padroniza\u00e7\u00e3o e simplifica\u00e7\u00e3o do sistema fiscal do pa\u00eds.<\/li>\n<li data-start=\"2059\" data-end=\"2219\"><strong data-start=\"2059\" data-end=\"2097\">Press\u00e3o para adapta\u00e7\u00e3o tecnol\u00f3gica<\/strong><br data-start=\"2097\" data-end=\"2100\" \/>Conceder prazo maior \u00e9 uma pr\u00e1tica comum para que empresas e desenvolvedores possam fazer ajustes sem risco elevado.<\/li>\n<\/ol>\n<h3 data-start=\"2226\" data-end=\"2250\">Implica\u00e7\u00f5es pr\u00e1ticas<\/h3>\n<ul>\n<li data-start=\"2254\" data-end=\"2358\"><strong data-start=\"2254\" data-end=\"2278\">Vendas para empresas<\/strong>: opera\u00e7\u00f5es com destinat\u00e1rio que tenha CNPJ dever\u00e3o usar NF-e, n\u00e3o mais NFC-e.<\/li>\n<li data-start=\"2361\" data-end=\"2458\"><strong data-start=\"2361\" data-end=\"2386\">Software fiscal \/ ERP<\/strong>: necessidade de valida\u00e7\u00f5es autom\u00e1ticas que bloqueiem NFC-e para CNPJ.<\/li>\n<li data-start=\"2461\" data-end=\"2558\"><strong data-start=\"2461\" data-end=\"2470\">DANFE<\/strong>: possibilidade de usar vers\u00e3o simplificada para NF-e em opera\u00e7\u00f5es de varejo com CNPJ.<\/li>\n<li data-start=\"2561\" data-end=\"2664\"><strong data-start=\"2561\" data-end=\"2590\">Treinamento e operacional<\/strong>: orientar vendedores e operadores para nova distin\u00e7\u00e3o de modelo fiscal.<\/li>\n<li data-start=\"2667\" data-end=\"2756\"><strong data-start=\"2667\" data-end=\"2677\">Riscos<\/strong>: emiss\u00e3o errada ap\u00f3s vig\u00eancia pode ser rejeitada ou gerar penalidades fiscais.<\/li>\n<\/ul>\n<h3 data-start=\"2763\" data-end=\"2789\">Como se preparar agora<\/h3>\n<ol>\n<li data-start=\"2794\" data-end=\"2885\">Verifique se seu sistema emissor suporta NF-e e NFC-e e se j\u00e1 possui l\u00f3gica de valida\u00e7\u00e3o.<\/li>\n<li data-start=\"2889\" data-end=\"3041\">Atualize seu ERP ou sistema de vendas com regras que identifiquem cliente como pessoa f\u00edsica ou jur\u00eddica e selecione automaticamente o modelo correto.<\/li>\n<li data-start=\"3045\" data-end=\"3079\">Treine equipe de vendas e caixa.<\/li>\n<li data-start=\"3083\" data-end=\"3123\">Fa\u00e7a testes antes da data de vig\u00eancia.<\/li>\n<li data-start=\"3127\" data-end=\"3184\">Monitore normas estaduais e poss\u00edveis novas prorroga\u00e7\u00f5es.<\/li>\n<\/ol>\n<h2>As Mudan\u00e7as da Reforma Tribut\u00e1ria<\/h2>\n<p>&nbsp;<\/p>\n<p><img decoding=\"async\" class=\"aligncenter\" src=\"https:\/\/s5.static.brasilescola.uol.com.br\/be\/2023\/07\/unificacao-impostos.jpg\" alt=\"Reforma tribut\u00e1ria: o que \u00e9 e o que muda nos impostos\" \/><\/p>\n","protected":false},"excerpt":{"rendered":"<p>O ambiente tribut\u00e1rio brasileiro est\u00e1 cada vez mais din\u00e2mico. Uma das altera\u00e7\u00f5es mais relevantes anunciadas recentemente \u00e9 a proibi\u00e7\u00e3o da emiss\u00e3o de NFC-e&#8230;<\/p>\n","protected":false},"author":30,"featured_media":12912,"comment_status":"open","ping_status":"closed","sticky":false,"template":"","format":"standard","meta":{"_acf_changed":false,"footnotes":""},"categories":[87],"tags":[],"class_list":["post-13572","post","type-post","status-publish","format-standard","has-post-thumbnail","hentry","category-reforma-tributaria"],"acf":[],"yoast_head":"<!-- This site is optimized with the Yoast SEO plugin v25.1 - https:\/\/yoast.com\/wordpress\/plugins\/seo\/ -->\n<title>Fim da NFC-e para empresas: o que mudou e por que - NFE.io Blog<\/title>\n<meta name=\"description\" content=\"Entenda o adiamento da proibi\u00e7\u00e3o da NFC-e para CNPJ: o plano original, o novo prazo de janeiro\/2026 e os impactos para empresas.\" \/>\n<meta name=\"robots\" content=\"index, follow, max-snippet:-1, max-image-preview:large, max-video-preview:-1\" \/>\n<link rel=\"canonical\" href=\"https:\/\/nfe.io\/blog\/reforma-tributaria\/fim-da-nfce-para-empresas\/\" \/>\n<meta property=\"og:locale\" content=\"en_US\" \/>\n<meta property=\"og:type\" content=\"article\" \/>\n<meta property=\"og:title\" content=\"Fim da NFC-e para empresas: o que mudou e por que - NFE.io Blog\" \/>\n<meta property=\"og:description\" content=\"Entenda o adiamento da proibi\u00e7\u00e3o da NFC-e para CNPJ: o plano original, o novo prazo de janeiro\/2026 e os impactos para empresas.\" \/>\n<meta property=\"og:url\" content=\"https:\/\/nfe.io\/blog\/reforma-tributaria\/fim-da-nfce-para-empresas\/\" \/>\n<meta property=\"og:site_name\" content=\"NFE.io Blog\" \/>\n<meta property=\"article:publisher\" content=\"https:\/\/www.facebook.com\/nfe.io\" \/>\n<meta property=\"article:published_time\" content=\"2025-10-13T18:03:21+00:00\" \/>\n<meta property=\"article:modified_time\" content=\"2025-10-13T20:40:08+00:00\" \/>\n<meta property=\"og:image\" content=\"https:\/\/nfe.io\/blog\/app\/uploads\/2025\/04\/reforma-tributaria-o-que-muda.webp\" \/>\n\t<meta property=\"og:image:width\" content=\"1200\" \/>\n\t<meta property=\"og:image:height\" content=\"675\" \/>\n\t<meta property=\"og:image:type\" content=\"image\/webp\" \/>\n<meta name=\"author\" content=\"renan.franca@nfe.io\" \/>\n<meta name=\"twitter:card\" content=\"summary_large_image\" \/>\n<meta name=\"twitter:creator\" content=\"@nfe_io\" \/>\n<meta name=\"twitter:site\" content=\"@nfe_io\" \/>\n<meta name=\"twitter:label1\" content=\"Written by\" \/>\n\t<meta name=\"twitter:data1\" content=\"renan.franca@nfe.io\" \/>\n\t<meta name=\"twitter:label2\" content=\"Est. reading time\" \/>\n\t<meta name=\"twitter:data2\" content=\"3 minutes\" \/>\n<script type=\"application\/ld+json\" class=\"yoast-schema-graph\">{\"@context\":\"https:\/\/schema.org\",\"@graph\":[{\"@type\":\"Article\",\"@id\":\"https:\/\/nfe.io\/blog\/reforma-tributaria\/fim-da-nfce-para-empresas\/#article\",\"isPartOf\":{\"@id\":\"https:\/\/nfe.io\/blog\/reforma-tributaria\/fim-da-nfce-para-empresas\/\"},\"author\":{\"name\":\"renan.franca@nfe.io\",\"@id\":\"https:\/\/nfe.io\/blog\/#\/schema\/person\/c86fcf916c35b87485d45af3a4a1dbab\"},\"headline\":\"Fim da NFC-e para empresas: o que mudou e por que\",\"datePublished\":\"2025-10-13T18:03:21+00:00\",\"dateModified\":\"2025-10-13T20:40:08+00:00\",\"mainEntityOfPage\":{\"@id\":\"https:\/\/nfe.io\/blog\/reforma-tributaria\/fim-da-nfce-para-empresas\/\"},\"wordCount\":638,\"commentCount\":0,\"publisher\":{\"@id\":\"https:\/\/nfe.io\/blog\/#organization\"},\"image\":{\"@id\":\"https:\/\/nfe.io\/blog\/reforma-tributaria\/fim-da-nfce-para-empresas\/#primaryimage\"},\"thumbnailUrl\":\"https:\/\/nfe.io\/blog\/app\/uploads\/2025\/04\/reforma-tributaria-o-que-muda.webp\",\"articleSection\":[\"Reforma Tribut\u00e1ria\"],\"inLanguage\":\"en-US\",\"potentialAction\":[{\"@type\":\"CommentAction\",\"name\":\"Comment\",\"target\":[\"https:\/\/nfe.io\/blog\/reforma-tributaria\/fim-da-nfce-para-empresas\/#respond\"]}]},{\"@type\":\"WebPage\",\"@id\":\"https:\/\/nfe.io\/blog\/reforma-tributaria\/fim-da-nfce-para-empresas\/\",\"url\":\"https:\/\/nfe.io\/blog\/reforma-tributaria\/fim-da-nfce-para-empresas\/\",\"name\":\"Fim da NFC-e para empresas: o que mudou e por que - NFE.io Blog\",\"isPartOf\":{\"@id\":\"https:\/\/nfe.io\/blog\/#website\"},\"primaryImageOfPage\":{\"@id\":\"https:\/\/nfe.io\/blog\/reforma-tributaria\/fim-da-nfce-para-empresas\/#primaryimage\"},\"image\":{\"@id\":\"https:\/\/nfe.io\/blog\/reforma-tributaria\/fim-da-nfce-para-empresas\/#primaryimage\"},\"thumbnailUrl\":\"https:\/\/nfe.io\/blog\/app\/uploads\/2025\/04\/reforma-tributaria-o-que-muda.webp\",\"datePublished\":\"2025-10-13T18:03:21+00:00\",\"dateModified\":\"2025-10-13T20:40:08+00:00\",\"description\":\"Entenda o adiamento da proibi\u00e7\u00e3o da NFC-e para CNPJ: o plano original, o novo prazo de janeiro\/2026 e os impactos para empresas.\",\"breadcrumb\":{\"@id\":\"https:\/\/nfe.io\/blog\/reforma-tributaria\/fim-da-nfce-para-empresas\/#breadcrumb\"},\"inLanguage\":\"en-US\",\"potentialAction\":[{\"@type\":\"ReadAction\",\"target\":[\"https:\/\/nfe.io\/blog\/reforma-tributaria\/fim-da-nfce-para-empresas\/\"]}]},{\"@type\":\"ImageObject\",\"inLanguage\":\"en-US\",\"@id\":\"https:\/\/nfe.io\/blog\/reforma-tributaria\/fim-da-nfce-para-empresas\/#primaryimage\",\"url\":\"https:\/\/nfe.io\/blog\/app\/uploads\/2025\/04\/reforma-tributaria-o-que-muda.webp\",\"contentUrl\":\"https:\/\/nfe.io\/blog\/app\/uploads\/2025\/04\/reforma-tributaria-o-que-muda.webp\",\"width\":1200,\"height\":675},{\"@type\":\"BreadcrumbList\",\"@id\":\"https:\/\/nfe.io\/blog\/reforma-tributaria\/fim-da-nfce-para-empresas\/#breadcrumb\",\"itemListElement\":[{\"@type\":\"ListItem\",\"position\":1,\"name\":\"Home\",\"item\":\"https:\/\/nfe.io\/blog\/\"},{\"@type\":\"ListItem\",\"position\":2,\"name\":\"Fim da NFC-e para empresas: o que mudou e por que\"}]},{\"@type\":\"WebSite\",\"@id\":\"https:\/\/nfe.io\/blog\/#website\",\"url\":\"https:\/\/nfe.io\/blog\/\",\"name\":\"NFE.io Blog\",\"description\":\"Automatize Suas Obriga\u00e7\u00f5es Fiscais com Efici\u00eancia\",\"publisher\":{\"@id\":\"https:\/\/nfe.io\/blog\/#organization\"},\"alternateName\":\"NFE.io\",\"potentialAction\":[{\"@type\":\"SearchAction\",\"target\":{\"@type\":\"EntryPoint\",\"urlTemplate\":\"https:\/\/nfe.io\/blog\/?s={search_term_string}\"},\"query-input\":{\"@type\":\"PropertyValueSpecification\",\"valueRequired\":true,\"valueName\":\"search_term_string\"}}],\"inLanguage\":\"en-US\"},{\"@type\":\"Organization\",\"@id\":\"https:\/\/nfe.io\/blog\/#organization\",\"name\":\"NFE io\",\"alternateName\":\"NFE\",\"url\":\"https:\/\/nfe.io\/blog\/\",\"logo\":{\"@type\":\"ImageObject\",\"inLanguage\":\"en-US\",\"@id\":\"https:\/\/nfe.io\/blog\/#\/schema\/logo\/image\/\",\"url\":\"https:\/\/nfe.io\/blog\/app\/uploads\/2020\/06\/logofooter.png\",\"contentUrl\":\"https:\/\/nfe.io\/blog\/app\/uploads\/2020\/06\/logofooter.png\",\"width\":143,\"height\":41,\"caption\":\"NFE io\"},\"image\":{\"@id\":\"https:\/\/nfe.io\/blog\/#\/schema\/logo\/image\/\"},\"sameAs\":[\"https:\/\/www.facebook.com\/nfe.io\",\"https:\/\/x.com\/nfe_io\",\"https:\/\/github.com\/nfe\",\"https:\/\/www.linkedin.com\/company\/10407705\/\",\"https:\/\/www.youtube.com\/channel\/UCB1PFw8rxeIN64k_t5FWEAQ\",\"https:\/\/www.instagram.com\/nfe.io\/\"]},{\"@type\":\"Person\",\"@id\":\"https:\/\/nfe.io\/blog\/#\/schema\/person\/c86fcf916c35b87485d45af3a4a1dbab\",\"name\":\"renan.franca@nfe.io\",\"image\":{\"@type\":\"ImageObject\",\"inLanguage\":\"en-US\",\"@id\":\"https:\/\/nfe.io\/blog\/#\/schema\/person\/image\/\",\"url\":\"https:\/\/secure.gravatar.com\/avatar\/a92cd7c0837407836d608ba437afe4d99bf2ef93bd1514ab14e6d1373b4332e3?s=96&d=wp_user_avatar&r=g\",\"contentUrl\":\"https:\/\/secure.gravatar.com\/avatar\/a92cd7c0837407836d608ba437afe4d99bf2ef93bd1514ab14e6d1373b4332e3?s=96&d=wp_user_avatar&r=g\",\"caption\":\"renan.franca@nfe.io\"},\"url\":\"https:\/\/nfe.io\/blog\/author\/renan-francanfe-io\/\"}]}<\/script>\n<!-- \/ Yoast SEO plugin. -->","yoast_head_json":{"title":"Fim da NFC-e para empresas: o que mudou e por que - NFE.io Blog","description":"Entenda o adiamento da proibi\u00e7\u00e3o da NFC-e para CNPJ: o plano original, o novo prazo de janeiro\/2026 e os impactos para empresas.","robots":{"index":"index","follow":"follow","max-snippet":"max-snippet:-1","max-image-preview":"max-image-preview:large","max-video-preview":"max-video-preview:-1"},"canonical":"https:\/\/nfe.io\/blog\/reforma-tributaria\/fim-da-nfce-para-empresas\/","og_locale":"en_US","og_type":"article","og_title":"Fim da NFC-e para empresas: o que mudou e por que - NFE.io Blog","og_description":"Entenda o adiamento da proibi\u00e7\u00e3o da NFC-e para CNPJ: o plano original, o novo prazo de janeiro\/2026 e os impactos para empresas.","og_url":"https:\/\/nfe.io\/blog\/reforma-tributaria\/fim-da-nfce-para-empresas\/","og_site_name":"NFE.io Blog","article_publisher":"https:\/\/www.facebook.com\/nfe.io","article_published_time":"2025-10-13T18:03:21+00:00","article_modified_time":"2025-10-13T20:40:08+00:00","og_image":[{"width":1200,"height":675,"url":"https:\/\/nfe.io\/blog\/app\/uploads\/2025\/04\/reforma-tributaria-o-que-muda.webp","type":"image\/webp"}],"author":"renan.franca@nfe.io","twitter_card":"summary_large_image","twitter_creator":"@nfe_io","twitter_site":"@nfe_io","twitter_misc":{"Written by":"renan.franca@nfe.io","Est. reading time":"3 minutes"},"schema":{"@context":"https:\/\/schema.org","@graph":[{"@type":"Article","@id":"https:\/\/nfe.io\/blog\/reforma-tributaria\/fim-da-nfce-para-empresas\/#article","isPartOf":{"@id":"https:\/\/nfe.io\/blog\/reforma-tributaria\/fim-da-nfce-para-empresas\/"},"author":{"name":"renan.franca@nfe.io","@id":"https:\/\/nfe.io\/blog\/#\/schema\/person\/c86fcf916c35b87485d45af3a4a1dbab"},"headline":"Fim da NFC-e para empresas: o que mudou e por que","datePublished":"2025-10-13T18:03:21+00:00","dateModified":"2025-10-13T20:40:08+00:00","mainEntityOfPage":{"@id":"https:\/\/nfe.io\/blog\/reforma-tributaria\/fim-da-nfce-para-empresas\/"},"wordCount":638,"commentCount":0,"publisher":{"@id":"https:\/\/nfe.io\/blog\/#organization"},"image":{"@id":"https:\/\/nfe.io\/blog\/reforma-tributaria\/fim-da-nfce-para-empresas\/#primaryimage"},"thumbnailUrl":"https:\/\/nfe.io\/blog\/app\/uploads\/2025\/04\/reforma-tributaria-o-que-muda.webp","articleSection":["Reforma Tribut\u00e1ria"],"inLanguage":"en-US","potentialAction":[{"@type":"CommentAction","name":"Comment","target":["https:\/\/nfe.io\/blog\/reforma-tributaria\/fim-da-nfce-para-empresas\/#respond"]}]},{"@type":"WebPage","@id":"https:\/\/nfe.io\/blog\/reforma-tributaria\/fim-da-nfce-para-empresas\/","url":"https:\/\/nfe.io\/blog\/reforma-tributaria\/fim-da-nfce-para-empresas\/","name":"Fim da NFC-e para empresas: o que mudou e por que - NFE.io Blog","isPartOf":{"@id":"https:\/\/nfe.io\/blog\/#website"},"primaryImageOfPage":{"@id":"https:\/\/nfe.io\/blog\/reforma-tributaria\/fim-da-nfce-para-empresas\/#primaryimage"},"image":{"@id":"https:\/\/nfe.io\/blog\/reforma-tributaria\/fim-da-nfce-para-empresas\/#primaryimage"},"thumbnailUrl":"https:\/\/nfe.io\/blog\/app\/uploads\/2025\/04\/reforma-tributaria-o-que-muda.webp","datePublished":"2025-10-13T18:03:21+00:00","dateModified":"2025-10-13T20:40:08+00:00","description":"Entenda o adiamento da proibi\u00e7\u00e3o da NFC-e para CNPJ: o plano original, o novo prazo de janeiro\/2026 e os impactos para empresas.","breadcrumb":{"@id":"https:\/\/nfe.io\/blog\/reforma-tributaria\/fim-da-nfce-para-empresas\/#breadcrumb"},"inLanguage":"en-US","potentialAction":[{"@type":"ReadAction","target":["https:\/\/nfe.io\/blog\/reforma-tributaria\/fim-da-nfce-para-empresas\/"]}]},{"@type":"ImageObject","inLanguage":"en-US","@id":"https:\/\/nfe.io\/blog\/reforma-tributaria\/fim-da-nfce-para-empresas\/#primaryimage","url":"https:\/\/nfe.io\/blog\/app\/uploads\/2025\/04\/reforma-tributaria-o-que-muda.webp","contentUrl":"https:\/\/nfe.io\/blog\/app\/uploads\/2025\/04\/reforma-tributaria-o-que-muda.webp","width":1200,"height":675},{"@type":"BreadcrumbList","@id":"https:\/\/nfe.io\/blog\/reforma-tributaria\/fim-da-nfce-para-empresas\/#breadcrumb","itemListElement":[{"@type":"ListItem","position":1,"name":"Home","item":"https:\/\/nfe.io\/blog\/"},{"@type":"ListItem","position":2,"name":"Fim da NFC-e para empresas: o que mudou e por que"}]},{"@type":"WebSite","@id":"https:\/\/nfe.io\/blog\/#website","url":"https:\/\/nfe.io\/blog\/","name":"NFE.io Blog","description":"Automatize Suas Obriga\u00e7\u00f5es Fiscais com Efici\u00eancia","publisher":{"@id":"https:\/\/nfe.io\/blog\/#organization"},"alternateName":"NFE.io","potentialAction":[{"@type":"SearchAction","target":{"@type":"EntryPoint","urlTemplate":"https:\/\/nfe.io\/blog\/?s={search_term_string}"},"query-input":{"@type":"PropertyValueSpecification","valueRequired":true,"valueName":"search_term_string"}}],"inLanguage":"en-US"},{"@type":"Organization","@id":"https:\/\/nfe.io\/blog\/#organization","name":"NFE io","alternateName":"NFE","url":"https:\/\/nfe.io\/blog\/","logo":{"@type":"ImageObject","inLanguage":"en-US","@id":"https:\/\/nfe.io\/blog\/#\/schema\/logo\/image\/","url":"https:\/\/nfe.io\/blog\/app\/uploads\/2020\/06\/logofooter.png","contentUrl":"https:\/\/nfe.io\/blog\/app\/uploads\/2020\/06\/logofooter.png","width":143,"height":41,"caption":"NFE io"},"image":{"@id":"https:\/\/nfe.io\/blog\/#\/schema\/logo\/image\/"},"sameAs":["https:\/\/www.facebook.com\/nfe.io","https:\/\/x.com\/nfe_io","https:\/\/github.com\/nfe","https:\/\/www.linkedin.com\/company\/10407705\/","https:\/\/www.youtube.com\/channel\/UCB1PFw8rxeIN64k_t5FWEAQ","https:\/\/www.instagram.com\/nfe.io\/"]},{"@type":"Person","@id":"https:\/\/nfe.io\/blog\/#\/schema\/person\/c86fcf916c35b87485d45af3a4a1dbab","name":"renan.franca@nfe.io","image":{"@type":"ImageObject","inLanguage":"en-US","@id":"https:\/\/nfe.io\/blog\/#\/schema\/person\/image\/","url":"https:\/\/secure.gravatar.com\/avatar\/a92cd7c0837407836d608ba437afe4d99bf2ef93bd1514ab14e6d1373b4332e3?s=96&d=wp_user_avatar&r=g","contentUrl":"https:\/\/secure.gravatar.com\/avatar\/a92cd7c0837407836d608ba437afe4d99bf2ef93bd1514ab14e6d1373b4332e3?s=96&d=wp_user_avatar&r=g","caption":"renan.franca@nfe.io"},"url":"https:\/\/nfe.io\/blog\/author\/renan-francanfe-io\/"}]}},"_links":{"self":[{"href":"https:\/\/nfe.io\/blog\/wp-json\/wp\/v2\/posts\/13572","targetHints":{"allow":["GET"]}}],"collection":[{"href":"https:\/\/nfe.io\/blog\/wp-json\/wp\/v2\/posts"}],"about":[{"href":"https:\/\/nfe.io\/blog\/wp-json\/wp\/v2\/types\/post"}],"author":[{"embeddable":true,"href":"https:\/\/nfe.io\/blog\/wp-json\/wp\/v2\/users\/30"}],"replies":[{"embeddable":true,"href":"https:\/\/nfe.io\/blog\/wp-json\/wp\/v2\/comments?post=13572"}],"version-history":[{"count":3,"href":"https:\/\/nfe.io\/blog\/wp-json\/wp\/v2\/posts\/13572\/revisions"}],"predecessor-version":[{"id":13579,"href":"https:\/\/nfe.io\/blog\/wp-json\/wp\/v2\/posts\/13572\/revisions\/13579"}],"wp:featuredmedia":[{"embeddable":true,"href":"https:\/\/nfe.io\/blog\/wp-json\/wp\/v2\/media\/12912"}],"wp:attachment":[{"href":"https:\/\/nfe.io\/blog\/wp-json\/wp\/v2\/media?parent=13572"}],"wp:term":[{"taxonomy":"category","embeddable":true,"href":"https:\/\/nfe.io\/blog\/wp-json\/wp\/v2\/categories?post=13572"},{"taxonomy":"post_tag","embeddable":true,"href":"https:\/\/nfe.io\/blog\/wp-json\/wp\/v2\/tags?post=13572"}],"curies":[{"name":"wp","href":"https:\/\/api.w.org\/{rel}","templated":true}]}}