{"id":13022,"date":"2025-06-04T14:10:59","date_gmt":"2025-06-04T17:10:59","guid":{"rendered":"https:\/\/nfe.io\/blog\/?p=13022"},"modified":"2025-11-02T17:15:05","modified_gmt":"2025-11-02T20:15:05","slug":"planejamento-tributario-e-imoveis","status":"publish","type":"post","link":"https:\/\/nfe.io\/blog\/financeiro\/planejamento-tributario-e-imoveis\/","title":{"rendered":"Planejamento tribut\u00e1rio e im\u00f3veis: estrat\u00e9gias para empresas"},"content":{"rendered":"<p><span style=\"font-weight: 400;\">Integrar <\/span><b>planejamento tribut\u00e1rio e im\u00f3veis<\/b><span style=\"font-weight: 400;\"> \u00e9 uma das estrat\u00e9gias mais eficazes para empresas que desejam reduzir a carga fiscal, otimizar seus recursos e fortalecer o patrim\u00f4nio corporativo com seguran\u00e7a jur\u00eddica.\u00a0<\/span><\/p>\n<p><span style=\"font-weight: 400;\">Ao contr\u00e1rio do que muitos gestores pensam, os im\u00f3veis n\u00e3o s\u00e3o apenas ativos f\u00edsicos: eles tamb\u00e9m podem ser instrumentos inteligentes de gest\u00e3o tribut\u00e1ria.<\/span><\/p>\n<p><span style=\"font-weight: 400;\">Em um ambiente empresarial cada vez mais complexo, contar com ativos que proporcionem estabilidade, prote\u00e7\u00e3o contra oscila\u00e7\u00f5es econ\u00f4micas e vantagens fiscais pode fazer toda a diferen\u00e7a.\u00a0<\/span><\/p>\n<p><span style=\"font-weight: 400;\">Seja atrav\u00e9s de compra direta, arrendamento, constru\u00e7\u00e3o ou reavalia\u00e7\u00e3o patrimonial, os im\u00f3veis desempenham um papel relevante na sa\u00fade fiscal de uma empresa.<\/span><\/p>\n<p><span style=\"font-weight: 400;\">Este artigo explora como o uso estrat\u00e9gico de im\u00f3veis pode beneficiar o planejamento tribut\u00e1rio, aumentar a efici\u00eancia cont\u00e1bil e contribuir para a <\/span><b>solidez financeira de longo prazo<\/b><span style=\"font-weight: 400;\">.<\/span><\/p>\n<h2><b>Qual a rela\u00e7\u00e3o entre im\u00f3veis e planejamento tribut\u00e1rio?<\/b><\/h2>\n<p><span style=\"font-weight: 400;\">O <\/span><b>planejamento tribut\u00e1rio<\/b><span style=\"font-weight: 400;\"> consiste em um conjunto de a\u00e7\u00f5es legais que visam <\/span><b>reduzir ou postergar o pagamento de tributos<\/b><span style=\"font-weight: 400;\">, otimizando a carga fiscal sem infringir normas. Im\u00f3veis, quando bem incorporados ao balan\u00e7o patrimonial da empresa, podem:<\/span><\/p>\n<ul>\n<li style=\"font-weight: 400;\" aria-level=\"1\"><span style=\"font-weight: 400;\">Gerar cr\u00e9ditos tribut\u00e1rios em processos de amortiza\u00e7\u00e3o e deprecia\u00e7\u00e3o<\/span><\/li>\n<li style=\"font-weight: 400;\" aria-level=\"1\"><span style=\"font-weight: 400;\">Ser utilizados como garantia para obten\u00e7\u00e3o de cr\u00e9dito com menores taxas<\/span><\/li>\n<li style=\"font-weight: 400;\" aria-level=\"1\"><span style=\"font-weight: 400;\">Permitir diferimento de impostos na aliena\u00e7\u00e3o ou permuta<\/span><\/li>\n<li style=\"font-weight: 400;\" aria-level=\"1\"><span style=\"font-weight: 400;\">Facilitar a reestrutura\u00e7\u00e3o societ\u00e1ria com menor carga tribut\u00e1ria<\/span><\/li>\n<\/ul>\n<p><span style=\"font-weight: 400;\">Al\u00e9m disso, empresas que atuam em setores estrat\u00e9gicos como log\u00edstica, com\u00e9rcio, sa\u00fade ou educa\u00e7\u00e3o, podem aproveitar <\/span><b>benef\u00edcios fiscais municipais e estaduais<\/b><span style=\"font-weight: 400;\"> ao <\/span><a href=\"https:\/\/ithlux.com\"><span style=\"font-weight: 400;\">comprar im\u00f3veis<\/span><\/a><span style=\"font-weight: 400;\"> em regi\u00f5es incentivadas.<\/span><\/p>\n<h2><b>Quando o im\u00f3vel se torna um investimento imobili\u00e1rio seguro?<\/b><\/h2>\n<p><span style=\"font-weight: 400;\">Im\u00f3veis utilizados dentro do planejamento tribut\u00e1rio empresarial devem atender a requisitos de seguran\u00e7a jur\u00eddica, liquidez e valoriza\u00e7\u00e3o. Isso os qualifica como <\/span><b>investimento imobili\u00e1rio seguro<\/b><span style=\"font-weight: 400;\">, pois:<\/span><\/p>\n<ul>\n<li style=\"font-weight: 400;\" aria-level=\"1\"><span style=\"font-weight: 400;\">Protegem o patrim\u00f4nio da empresa contra riscos operacionais<\/span><\/li>\n<li style=\"font-weight: 400;\" aria-level=\"1\"><span style=\"font-weight: 400;\">Podem ser convertidos em receita por meio de arrendamento ou venda futura<\/span><\/li>\n<li style=\"font-weight: 400;\" aria-level=\"1\"><span style=\"font-weight: 400;\">Atuam como reserva de valor em momentos de crise econ\u00f4mica<\/span><\/li>\n<li style=\"font-weight: 400;\" aria-level=\"1\"><span style=\"font-weight: 400;\">Aumentam a solidez cont\u00e1bil, especialmente para fins de cr\u00e9dito e valuation<\/span><\/li>\n<\/ul>\n<p><span style=\"font-weight: 400;\">Grandes empresas e investidores institucionais consideram im\u00f3veis comerciais e industriais parte essencial de suas estrat\u00e9gias de diversifica\u00e7\u00e3o patrimonial, consolidando o ativo como um dos pilares do investimento imobili\u00e1rio seguro.<\/span><\/p>\n<p><span style=\"font-weight: 400;\">Portanto, ao aliar uso operacional com vantagens fiscais, o im\u00f3vel corporativo torna-se um ativo duplamente estrat\u00e9gico.<\/span><\/p>\n<h2><b>Formas de integrar im\u00f3veis \u00e0 estrat\u00e9gia fiscal da empresa<\/b><\/h2>\n<h3><b>Compra com uso pr\u00f3prio e abatimento cont\u00e1bil<\/b><\/h3>\n<p><span style=\"font-weight: 400;\">Empresas que compram im\u00f3veis para instala\u00e7\u00e3o da sede ou unidades operacionais podem amortizar e depreciar esses bens, reduzindo a base de c\u00e1lculo de tributos como IRPJ e CSLL.<\/span><\/p>\n<h3><b>Arrendamento de im\u00f3veis para terceiros<\/b><\/h3>\n<p><span style=\"font-weight: 400;\">O im\u00f3vel pode gerar <\/span><b>renda passiva tribut\u00e1vel com benef\u00edcios fiscais<\/b><span style=\"font-weight: 400;\">, dependendo do regime tribut\u00e1rio da empresa. Al\u00e9m disso, permite offset de perdas em outros segmentos.<\/span><\/p>\n<h3><b>Holding patrimonial como instrumento de blindagem<\/b><\/h3>\n<p><span style=\"font-weight: 400;\">Muitas empresas utilizam holdings para segregar ativos operacionais e patrimoniais. Isso melhora o controle tribut\u00e1rio, facilita o planejamento sucess\u00f3rio e protege o capital de riscos diretos.<\/span><\/p>\n<h3><b>Aproveitamento de benef\u00edcios fiscais regionais<\/b><\/h3>\n<p><span style=\"font-weight: 400;\">Munic\u00edpios e estados oferecem incentivos fiscais para empresas que se instalam em regi\u00f5es com baixa densidade econ\u00f4mica. A aquisi\u00e7\u00e3o de im\u00f3veis nessas zonas pode gerar <\/span><b>isen\u00e7\u00f5es de IPTU, ISS ou ICMS<\/b><span style=\"font-weight: 400;\">.<\/span><\/p>\n<h3><b>Reavalia\u00e7\u00e3o e atualiza\u00e7\u00e3o do valor de im\u00f3veis no balan\u00e7o<\/b><\/h3>\n<p><span style=\"font-weight: 400;\">A reavalia\u00e7\u00e3o peri\u00f3dica de im\u00f3veis permite melhorar indicadores cont\u00e1beis e financeiros, influenciando positivamente em processos de capta\u00e7\u00e3o de recursos ou valuation da empresa.<\/span><\/p>\n<h2><b>Cuidados essenciais ao utilizar im\u00f3veis no planejamento fiscal<\/b><\/h2>\n<p><span style=\"font-weight: 400;\">Apesar dos benef\u00edcios, \u00e9 fundamental seguir crit\u00e9rios t\u00e9cnicos e legais:<\/span><\/p>\n<ul>\n<li style=\"font-weight: 400;\" aria-level=\"1\"><b>Contar com assessoria cont\u00e1bil e jur\u00eddica especializada<\/b><\/li>\n<li style=\"font-weight: 400;\" aria-level=\"1\"><b>Avaliar o impacto no fluxo de caixa e no capital de giro<\/b><\/li>\n<li style=\"font-weight: 400;\" aria-level=\"1\"><b>Verificar exig\u00eancias da Receita Federal e do fisco estadual<\/b><\/li>\n<li style=\"font-weight: 400;\" aria-level=\"1\"><b>Manter documenta\u00e7\u00e3o e avalia\u00e7\u00e3o imobili\u00e1ria sempre atualizadas<\/b><\/li>\n<\/ul>\n<p><span style=\"font-weight: 400;\">A informalidade ou o uso indevido dessas estrat\u00e9gias pode levar \u00e0 descaracteriza\u00e7\u00e3o do planejamento, resultando em autua\u00e7\u00f5es fiscais ou perdas financeiras.<\/span><\/p>\n<h2><b>Perfis de empresas que mais se beneficiam dessa estrat\u00e9gia<\/b><\/h2>\n<ul>\n<li style=\"font-weight: 400;\" aria-level=\"1\"><span style=\"font-weight: 400;\">Empresas familiares com grande volume de im\u00f3veis no ativo<\/span><\/li>\n<li style=\"font-weight: 400;\" aria-level=\"1\"><span style=\"font-weight: 400;\">Grupos com opera\u00e7\u00e3o em m\u00faltiplos estados ou pa\u00edses<\/span><\/li>\n<li style=\"font-weight: 400;\" aria-level=\"1\"><span style=\"font-weight: 400;\">Startups com capital intensivo em ativos f\u00edsicos<\/span><\/li>\n<li style=\"font-weight: 400;\" aria-level=\"1\"><span style=\"font-weight: 400;\">Organiza\u00e7\u00f5es com faturamento elevado e margem tribut\u00e1vel alta<\/span><\/li>\n<li style=\"font-weight: 400;\" aria-level=\"1\"><span style=\"font-weight: 400;\">Grupos que pretendem fazer reestrutura\u00e7\u00e3o societ\u00e1ria<\/span><\/li>\n<\/ul>\n<p><span style=\"font-weight: 400;\">Ao entender o papel dos im\u00f3veis como instrumento tribut\u00e1rio, essas empresas obt\u00eam vantagens competitivas que v\u00e3o al\u00e9m da economia imediata \u2014 incluindo <\/span><b>seguran\u00e7a, expans\u00e3o patrimonial e estabilidade operacional<\/b><span style=\"font-weight: 400;\">.<\/span><\/p>\n<h3><b>Exemplos pr\u00e1ticos de aplica\u00e7\u00e3o:<\/b><\/h3>\n<ul>\n<li style=\"font-weight: 400;\" aria-level=\"1\"><span style=\"font-weight: 400;\">Rede de cl\u00ednicas que centraliza suas unidades em im\u00f3veis pr\u00f3prios<\/span><\/li>\n<li style=\"font-weight: 400;\" aria-level=\"1\"><span style=\"font-weight: 400;\">Empresa de transporte que utiliza garagens e centros log\u00edsticos com incentivos fiscais<\/span><\/li>\n<li style=\"font-weight: 400;\" aria-level=\"1\"><span style=\"font-weight: 400;\">Escrit\u00f3rio jur\u00eddico que utiliza holding para separa\u00e7\u00e3o entre patrim\u00f4nio e opera\u00e7\u00e3o<\/span><\/li>\n<\/ul>\n<h3><b>Conclus\u00e3o<\/b><\/h3>\n<p><span style=\"font-weight: 400;\">Unir <\/span><b>planejamento tribut\u00e1rio e im\u00f3veis<\/b><span style=\"font-weight: 400;\"> \u00e9 uma estrat\u00e9gia poderosa para empresas que desejam crescer com efici\u00eancia fiscal, seguran\u00e7a patrimonial e intelig\u00eancia financeira. Mais do que um bem f\u00edsico, o im\u00f3vel pode ser uma ferramenta de redu\u00e7\u00e3o de impostos, aumento de liquidez e valoriza\u00e7\u00e3o de marca.<\/span><\/p>\n<p><span style=\"font-weight: 400;\">E quando utilizado com crit\u00e9rio, torna-se tamb\u00e9m um <\/span><b>investimento imobili\u00e1rio seguro<\/b><span style=\"font-weight: 400;\">, alinhado com os objetivos de sustentabilidade e solidez empresarial. Incorporar esse ativo ao planejamento da empresa \u00e9 uma decis\u00e3o estrat\u00e9gica \u2014 e cada vez mais essencial em ambientes de alta competitividade.<\/span><\/p>\n","protected":false},"excerpt":{"rendered":"<p>Integrar planejamento tribut\u00e1rio e im\u00f3veis \u00e9 uma das estrat\u00e9gias mais eficazes para empresas que desejam reduzir a carga fiscal, otimizar seus recursos e&#8230;<\/p>\n","protected":false},"author":23,"featured_media":13025,"comment_status":"open","ping_status":"closed","sticky":false,"template":"","format":"standard","meta":{"_acf_changed":false,"footnotes":""},"categories":[6],"tags":[],"class_list":["post-13022","post","type-post","status-publish","format-standard","has-post-thumbnail","hentry","category-financeiro"],"acf":[],"yoast_head":"<!-- This site is optimized with the Yoast SEO plugin v25.1 - https:\/\/yoast.com\/wordpress\/plugins\/seo\/ -->\n<title>Planejamento tribut\u00e1rio e im\u00f3veis: estrat\u00e9gias para empresas l NFE.io<\/title>\n<meta name=\"description\" content=\"Saiba como integrar im\u00f3veis ao planejamento tribut\u00e1rio da sua empresa e utilizar esse ativo como ferramenta de economia e seguran\u00e7a patrimonial.\" \/>\n<meta name=\"robots\" content=\"index, follow, max-snippet:-1, max-image-preview:large, max-video-preview:-1\" \/>\n<link rel=\"canonical\" href=\"https:\/\/nfe.io\/blog\/financeiro\/planejamento-tributario-e-imoveis\/\" \/>\n<meta property=\"og:locale\" content=\"en_US\" \/>\n<meta property=\"og:type\" content=\"article\" \/>\n<meta property=\"og:title\" content=\"Planejamento tribut\u00e1rio e im\u00f3veis: estrat\u00e9gias para empresas l NFE.io\" \/>\n<meta property=\"og:description\" content=\"Saiba como integrar im\u00f3veis ao planejamento tribut\u00e1rio da sua empresa e utilizar esse ativo como ferramenta de economia e seguran\u00e7a patrimonial.\" \/>\n<meta property=\"og:url\" content=\"https:\/\/nfe.io\/blog\/financeiro\/planejamento-tributario-e-imoveis\/\" \/>\n<meta property=\"og:site_name\" content=\"NFE.io Blog\" \/>\n<meta property=\"article:publisher\" content=\"https:\/\/www.facebook.com\/nfe.io\" \/>\n<meta property=\"article:author\" content=\"https:\/\/www.facebook.com\/francisco.j.felinto\/\" \/>\n<meta property=\"article:published_time\" content=\"2025-06-04T17:10:59+00:00\" \/>\n<meta property=\"article:modified_time\" content=\"2025-11-02T20:15:05+00:00\" \/>\n<meta property=\"og:image\" content=\"https:\/\/nfe.io\/blog\/app\/uploads\/2025\/06\/close-up-femininas-mao-contagem-calculadora.jpg\" \/>\n\t<meta property=\"og:image:width\" content=\"800\" \/>\n\t<meta property=\"og:image:height\" content=\"500\" \/>\n\t<meta property=\"og:image:type\" content=\"image\/jpeg\" \/>\n<meta name=\"author\" content=\"Francisco Felinto\" \/>\n<meta name=\"twitter:card\" content=\"summary_large_image\" \/>\n<meta name=\"twitter:creator\" content=\"@nfe_io\" \/>\n<meta name=\"twitter:site\" content=\"@nfe_io\" \/>\n<meta name=\"twitter:label1\" content=\"Written by\" \/>\n\t<meta name=\"twitter:data1\" content=\"Francisco Felinto\" \/>\n\t<meta name=\"twitter:label2\" content=\"Est. reading time\" \/>\n\t<meta name=\"twitter:data2\" content=\"4 minutes\" \/>\n<script type=\"application\/ld+json\" class=\"yoast-schema-graph\">{\"@context\":\"https:\/\/schema.org\",\"@graph\":[{\"@type\":\"Article\",\"@id\":\"https:\/\/nfe.io\/blog\/financeiro\/planejamento-tributario-e-imoveis\/#article\",\"isPartOf\":{\"@id\":\"https:\/\/nfe.io\/blog\/financeiro\/planejamento-tributario-e-imoveis\/\"},\"author\":{\"name\":\"Francisco Felinto\",\"@id\":\"https:\/\/nfe.io\/blog\/#\/schema\/person\/13cbdfb2ce15a806dcd3c2fffa2cf921\"},\"headline\":\"Planejamento tribut\u00e1rio e im\u00f3veis: estrat\u00e9gias para empresas\",\"datePublished\":\"2025-06-04T17:10:59+00:00\",\"dateModified\":\"2025-11-02T20:15:05+00:00\",\"mainEntityOfPage\":{\"@id\":\"https:\/\/nfe.io\/blog\/financeiro\/planejamento-tributario-e-imoveis\/\"},\"wordCount\":965,\"commentCount\":0,\"publisher\":{\"@id\":\"https:\/\/nfe.io\/blog\/#organization\"},\"image\":{\"@id\":\"https:\/\/nfe.io\/blog\/financeiro\/planejamento-tributario-e-imoveis\/#primaryimage\"},\"thumbnailUrl\":\"https:\/\/nfe.io\/blog\/app\/uploads\/2025\/06\/close-up-femininas-mao-contagem-calculadora.jpg\",\"articleSection\":[\"Gest\u00e3o Financeira\"],\"inLanguage\":\"en-US\",\"potentialAction\":[{\"@type\":\"CommentAction\",\"name\":\"Comment\",\"target\":[\"https:\/\/nfe.io\/blog\/financeiro\/planejamento-tributario-e-imoveis\/#respond\"]}]},{\"@type\":\"WebPage\",\"@id\":\"https:\/\/nfe.io\/blog\/financeiro\/planejamento-tributario-e-imoveis\/\",\"url\":\"https:\/\/nfe.io\/blog\/financeiro\/planejamento-tributario-e-imoveis\/\",\"name\":\"Planejamento tribut\u00e1rio e im\u00f3veis: estrat\u00e9gias para empresas l NFE.io\",\"isPartOf\":{\"@id\":\"https:\/\/nfe.io\/blog\/#website\"},\"primaryImageOfPage\":{\"@id\":\"https:\/\/nfe.io\/blog\/financeiro\/planejamento-tributario-e-imoveis\/#primaryimage\"},\"image\":{\"@id\":\"https:\/\/nfe.io\/blog\/financeiro\/planejamento-tributario-e-imoveis\/#primaryimage\"},\"thumbnailUrl\":\"https:\/\/nfe.io\/blog\/app\/uploads\/2025\/06\/close-up-femininas-mao-contagem-calculadora.jpg\",\"datePublished\":\"2025-06-04T17:10:59+00:00\",\"dateModified\":\"2025-11-02T20:15:05+00:00\",\"description\":\"Saiba como integrar im\u00f3veis ao planejamento tribut\u00e1rio da sua empresa e utilizar esse ativo como ferramenta de economia e seguran\u00e7a patrimonial.\",\"breadcrumb\":{\"@id\":\"https:\/\/nfe.io\/blog\/financeiro\/planejamento-tributario-e-imoveis\/#breadcrumb\"},\"inLanguage\":\"en-US\",\"potentialAction\":[{\"@type\":\"ReadAction\",\"target\":[\"https:\/\/nfe.io\/blog\/financeiro\/planejamento-tributario-e-imoveis\/\"]}]},{\"@type\":\"ImageObject\",\"inLanguage\":\"en-US\",\"@id\":\"https:\/\/nfe.io\/blog\/financeiro\/planejamento-tributario-e-imoveis\/#primaryimage\",\"url\":\"https:\/\/nfe.io\/blog\/app\/uploads\/2025\/06\/close-up-femininas-mao-contagem-calculadora.jpg\",\"contentUrl\":\"https:\/\/nfe.io\/blog\/app\/uploads\/2025\/06\/close-up-femininas-mao-contagem-calculadora.jpg\",\"width\":800,\"height\":500,\"caption\":\"Close-up of female hand counting with calculator, papers all around on table. Businesswoman working with documents\"},{\"@type\":\"BreadcrumbList\",\"@id\":\"https:\/\/nfe.io\/blog\/financeiro\/planejamento-tributario-e-imoveis\/#breadcrumb\",\"itemListElement\":[{\"@type\":\"ListItem\",\"position\":1,\"name\":\"Home\",\"item\":\"https:\/\/nfe.io\/blog\/\"},{\"@type\":\"ListItem\",\"position\":2,\"name\":\"Planejamento tribut\u00e1rio e im\u00f3veis: estrat\u00e9gias para empresas\"}]},{\"@type\":\"WebSite\",\"@id\":\"https:\/\/nfe.io\/blog\/#website\",\"url\":\"https:\/\/nfe.io\/blog\/\",\"name\":\"NFE.io Blog\",\"description\":\"Automatize Suas Obriga\u00e7\u00f5es Fiscais com Efici\u00eancia\",\"publisher\":{\"@id\":\"https:\/\/nfe.io\/blog\/#organization\"},\"alternateName\":\"NFE.io\",\"potentialAction\":[{\"@type\":\"SearchAction\",\"target\":{\"@type\":\"EntryPoint\",\"urlTemplate\":\"https:\/\/nfe.io\/blog\/?s={search_term_string}\"},\"query-input\":{\"@type\":\"PropertyValueSpecification\",\"valueRequired\":true,\"valueName\":\"search_term_string\"}}],\"inLanguage\":\"en-US\"},{\"@type\":\"Organization\",\"@id\":\"https:\/\/nfe.io\/blog\/#organization\",\"name\":\"NFE io\",\"alternateName\":\"NFE\",\"url\":\"https:\/\/nfe.io\/blog\/\",\"logo\":{\"@type\":\"ImageObject\",\"inLanguage\":\"en-US\",\"@id\":\"https:\/\/nfe.io\/blog\/#\/schema\/logo\/image\/\",\"url\":\"https:\/\/nfe.io\/blog\/app\/uploads\/2020\/06\/logofooter.png\",\"contentUrl\":\"https:\/\/nfe.io\/blog\/app\/uploads\/2020\/06\/logofooter.png\",\"width\":143,\"height\":41,\"caption\":\"NFE io\"},\"image\":{\"@id\":\"https:\/\/nfe.io\/blog\/#\/schema\/logo\/image\/\"},\"sameAs\":[\"https:\/\/www.facebook.com\/nfe.io\",\"https:\/\/x.com\/nfe_io\",\"https:\/\/github.com\/nfe\",\"https:\/\/www.linkedin.com\/company\/10407705\/\",\"https:\/\/www.youtube.com\/channel\/UCB1PFw8rxeIN64k_t5FWEAQ\",\"https:\/\/www.instagram.com\/nfe.io\/\"]},{\"@type\":\"Person\",\"@id\":\"https:\/\/nfe.io\/blog\/#\/schema\/person\/13cbdfb2ce15a806dcd3c2fffa2cf921\",\"name\":\"Francisco Felinto\",\"image\":{\"@type\":\"ImageObject\",\"inLanguage\":\"en-US\",\"@id\":\"https:\/\/nfe.io\/blog\/#\/schema\/person\/image\/\",\"url\":\"https:\/\/secure.gravatar.com\/avatar\/be0f81adb0794281ac9b3ffc87137ad2bf518c3d8bc98e1fbc6526bfc850433d?s=96&d=wp_user_avatar&r=g\",\"contentUrl\":\"https:\/\/secure.gravatar.com\/avatar\/be0f81adb0794281ac9b3ffc87137ad2bf518c3d8bc98e1fbc6526bfc850433d?s=96&d=wp_user_avatar&r=g\",\"caption\":\"Francisco Felinto\"},\"description\":\"S\u00f3cio e CLO - Chief Learning Officer na NFE.io, Mestre em Tecnologia da Informa\u00e7\u00e3o Aplicada, MBI em Gest\u00e3o da Informa\u00e7\u00e3o e Especializa\u00e7\u00e3o em Gest\u00e3o de Projeto integrado ao PMI. Ex Diretor da Fatec Osasco (2018-22), Serasa Experian, Elo Group com projetos na B3, Alelo, Aes Eletropaulo. Fundador das Descodificadas e vice-presidente do Instituto Arte das Na\u00e7\u00f5es.\",\"sameAs\":[\"https:\/\/www.facebook.com\/francisco.j.felinto\/\",\"https:\/\/www.instagram.com\/francisco.felinto.jr\/\",\"https:\/\/www.linkedin.com\/in\/franciscofelinto\/\"],\"url\":\"https:\/\/nfe.io\/blog\/author\/francisco\/\"}]}<\/script>\n<!-- \/ Yoast SEO plugin. -->","yoast_head_json":{"title":"Planejamento tribut\u00e1rio e im\u00f3veis: estrat\u00e9gias para empresas l NFE.io","description":"Saiba como integrar im\u00f3veis ao planejamento tribut\u00e1rio da sua empresa e utilizar esse ativo como ferramenta de economia e seguran\u00e7a patrimonial.","robots":{"index":"index","follow":"follow","max-snippet":"max-snippet:-1","max-image-preview":"max-image-preview:large","max-video-preview":"max-video-preview:-1"},"canonical":"https:\/\/nfe.io\/blog\/financeiro\/planejamento-tributario-e-imoveis\/","og_locale":"en_US","og_type":"article","og_title":"Planejamento tribut\u00e1rio e im\u00f3veis: estrat\u00e9gias para empresas l NFE.io","og_description":"Saiba como integrar im\u00f3veis ao planejamento tribut\u00e1rio da sua empresa e utilizar esse ativo como ferramenta de economia e seguran\u00e7a patrimonial.","og_url":"https:\/\/nfe.io\/blog\/financeiro\/planejamento-tributario-e-imoveis\/","og_site_name":"NFE.io Blog","article_publisher":"https:\/\/www.facebook.com\/nfe.io","article_author":"https:\/\/www.facebook.com\/francisco.j.felinto\/","article_published_time":"2025-06-04T17:10:59+00:00","article_modified_time":"2025-11-02T20:15:05+00:00","og_image":[{"width":800,"height":500,"url":"https:\/\/nfe.io\/blog\/app\/uploads\/2025\/06\/close-up-femininas-mao-contagem-calculadora.jpg","type":"image\/jpeg"}],"author":"Francisco Felinto","twitter_card":"summary_large_image","twitter_creator":"@nfe_io","twitter_site":"@nfe_io","twitter_misc":{"Written by":"Francisco Felinto","Est. reading time":"4 minutes"},"schema":{"@context":"https:\/\/schema.org","@graph":[{"@type":"Article","@id":"https:\/\/nfe.io\/blog\/financeiro\/planejamento-tributario-e-imoveis\/#article","isPartOf":{"@id":"https:\/\/nfe.io\/blog\/financeiro\/planejamento-tributario-e-imoveis\/"},"author":{"name":"Francisco Felinto","@id":"https:\/\/nfe.io\/blog\/#\/schema\/person\/13cbdfb2ce15a806dcd3c2fffa2cf921"},"headline":"Planejamento tribut\u00e1rio e im\u00f3veis: estrat\u00e9gias para empresas","datePublished":"2025-06-04T17:10:59+00:00","dateModified":"2025-11-02T20:15:05+00:00","mainEntityOfPage":{"@id":"https:\/\/nfe.io\/blog\/financeiro\/planejamento-tributario-e-imoveis\/"},"wordCount":965,"commentCount":0,"publisher":{"@id":"https:\/\/nfe.io\/blog\/#organization"},"image":{"@id":"https:\/\/nfe.io\/blog\/financeiro\/planejamento-tributario-e-imoveis\/#primaryimage"},"thumbnailUrl":"https:\/\/nfe.io\/blog\/app\/uploads\/2025\/06\/close-up-femininas-mao-contagem-calculadora.jpg","articleSection":["Gest\u00e3o Financeira"],"inLanguage":"en-US","potentialAction":[{"@type":"CommentAction","name":"Comment","target":["https:\/\/nfe.io\/blog\/financeiro\/planejamento-tributario-e-imoveis\/#respond"]}]},{"@type":"WebPage","@id":"https:\/\/nfe.io\/blog\/financeiro\/planejamento-tributario-e-imoveis\/","url":"https:\/\/nfe.io\/blog\/financeiro\/planejamento-tributario-e-imoveis\/","name":"Planejamento tribut\u00e1rio e im\u00f3veis: estrat\u00e9gias para empresas l NFE.io","isPartOf":{"@id":"https:\/\/nfe.io\/blog\/#website"},"primaryImageOfPage":{"@id":"https:\/\/nfe.io\/blog\/financeiro\/planejamento-tributario-e-imoveis\/#primaryimage"},"image":{"@id":"https:\/\/nfe.io\/blog\/financeiro\/planejamento-tributario-e-imoveis\/#primaryimage"},"thumbnailUrl":"https:\/\/nfe.io\/blog\/app\/uploads\/2025\/06\/close-up-femininas-mao-contagem-calculadora.jpg","datePublished":"2025-06-04T17:10:59+00:00","dateModified":"2025-11-02T20:15:05+00:00","description":"Saiba como integrar im\u00f3veis ao planejamento tribut\u00e1rio da sua empresa e utilizar esse ativo como ferramenta de economia e seguran\u00e7a patrimonial.","breadcrumb":{"@id":"https:\/\/nfe.io\/blog\/financeiro\/planejamento-tributario-e-imoveis\/#breadcrumb"},"inLanguage":"en-US","potentialAction":[{"@type":"ReadAction","target":["https:\/\/nfe.io\/blog\/financeiro\/planejamento-tributario-e-imoveis\/"]}]},{"@type":"ImageObject","inLanguage":"en-US","@id":"https:\/\/nfe.io\/blog\/financeiro\/planejamento-tributario-e-imoveis\/#primaryimage","url":"https:\/\/nfe.io\/blog\/app\/uploads\/2025\/06\/close-up-femininas-mao-contagem-calculadora.jpg","contentUrl":"https:\/\/nfe.io\/blog\/app\/uploads\/2025\/06\/close-up-femininas-mao-contagem-calculadora.jpg","width":800,"height":500,"caption":"Close-up of female hand counting with calculator, papers all around on table. Businesswoman working with documents"},{"@type":"BreadcrumbList","@id":"https:\/\/nfe.io\/blog\/financeiro\/planejamento-tributario-e-imoveis\/#breadcrumb","itemListElement":[{"@type":"ListItem","position":1,"name":"Home","item":"https:\/\/nfe.io\/blog\/"},{"@type":"ListItem","position":2,"name":"Planejamento tribut\u00e1rio e im\u00f3veis: estrat\u00e9gias para empresas"}]},{"@type":"WebSite","@id":"https:\/\/nfe.io\/blog\/#website","url":"https:\/\/nfe.io\/blog\/","name":"NFE.io Blog","description":"Automatize Suas Obriga\u00e7\u00f5es Fiscais com Efici\u00eancia","publisher":{"@id":"https:\/\/nfe.io\/blog\/#organization"},"alternateName":"NFE.io","potentialAction":[{"@type":"SearchAction","target":{"@type":"EntryPoint","urlTemplate":"https:\/\/nfe.io\/blog\/?s={search_term_string}"},"query-input":{"@type":"PropertyValueSpecification","valueRequired":true,"valueName":"search_term_string"}}],"inLanguage":"en-US"},{"@type":"Organization","@id":"https:\/\/nfe.io\/blog\/#organization","name":"NFE io","alternateName":"NFE","url":"https:\/\/nfe.io\/blog\/","logo":{"@type":"ImageObject","inLanguage":"en-US","@id":"https:\/\/nfe.io\/blog\/#\/schema\/logo\/image\/","url":"https:\/\/nfe.io\/blog\/app\/uploads\/2020\/06\/logofooter.png","contentUrl":"https:\/\/nfe.io\/blog\/app\/uploads\/2020\/06\/logofooter.png","width":143,"height":41,"caption":"NFE io"},"image":{"@id":"https:\/\/nfe.io\/blog\/#\/schema\/logo\/image\/"},"sameAs":["https:\/\/www.facebook.com\/nfe.io","https:\/\/x.com\/nfe_io","https:\/\/github.com\/nfe","https:\/\/www.linkedin.com\/company\/10407705\/","https:\/\/www.youtube.com\/channel\/UCB1PFw8rxeIN64k_t5FWEAQ","https:\/\/www.instagram.com\/nfe.io\/"]},{"@type":"Person","@id":"https:\/\/nfe.io\/blog\/#\/schema\/person\/13cbdfb2ce15a806dcd3c2fffa2cf921","name":"Francisco Felinto","image":{"@type":"ImageObject","inLanguage":"en-US","@id":"https:\/\/nfe.io\/blog\/#\/schema\/person\/image\/","url":"https:\/\/secure.gravatar.com\/avatar\/be0f81adb0794281ac9b3ffc87137ad2bf518c3d8bc98e1fbc6526bfc850433d?s=96&d=wp_user_avatar&r=g","contentUrl":"https:\/\/secure.gravatar.com\/avatar\/be0f81adb0794281ac9b3ffc87137ad2bf518c3d8bc98e1fbc6526bfc850433d?s=96&d=wp_user_avatar&r=g","caption":"Francisco Felinto"},"description":"S\u00f3cio e CLO - Chief Learning Officer na NFE.io, Mestre em Tecnologia da Informa\u00e7\u00e3o Aplicada, MBI em Gest\u00e3o da Informa\u00e7\u00e3o e Especializa\u00e7\u00e3o em Gest\u00e3o de Projeto integrado ao PMI. Ex Diretor da Fatec Osasco (2018-22), Serasa Experian, Elo Group com projetos na B3, Alelo, Aes Eletropaulo. Fundador das Descodificadas e vice-presidente do Instituto Arte das Na\u00e7\u00f5es.","sameAs":["https:\/\/www.facebook.com\/francisco.j.felinto\/","https:\/\/www.instagram.com\/francisco.felinto.jr\/","https:\/\/www.linkedin.com\/in\/franciscofelinto\/"],"url":"https:\/\/nfe.io\/blog\/author\/francisco\/"}]}},"_links":{"self":[{"href":"https:\/\/nfe.io\/blog\/wp-json\/wp\/v2\/posts\/13022","targetHints":{"allow":["GET"]}}],"collection":[{"href":"https:\/\/nfe.io\/blog\/wp-json\/wp\/v2\/posts"}],"about":[{"href":"https:\/\/nfe.io\/blog\/wp-json\/wp\/v2\/types\/post"}],"author":[{"embeddable":true,"href":"https:\/\/nfe.io\/blog\/wp-json\/wp\/v2\/users\/23"}],"replies":[{"embeddable":true,"href":"https:\/\/nfe.io\/blog\/wp-json\/wp\/v2\/comments?post=13022"}],"version-history":[{"count":2,"href":"https:\/\/nfe.io\/blog\/wp-json\/wp\/v2\/posts\/13022\/revisions"}],"predecessor-version":[{"id":13024,"href":"https:\/\/nfe.io\/blog\/wp-json\/wp\/v2\/posts\/13022\/revisions\/13024"}],"wp:featuredmedia":[{"embeddable":true,"href":"https:\/\/nfe.io\/blog\/wp-json\/wp\/v2\/media\/13025"}],"wp:attachment":[{"href":"https:\/\/nfe.io\/blog\/wp-json\/wp\/v2\/media?parent=13022"}],"wp:term":[{"taxonomy":"category","embeddable":true,"href":"https:\/\/nfe.io\/blog\/wp-json\/wp\/v2\/categories?post=13022"},{"taxonomy":"post_tag","embeddable":true,"href":"https:\/\/nfe.io\/blog\/wp-json\/wp\/v2\/tags?post=13022"}],"curies":[{"name":"wp","href":"https:\/\/api.w.org\/{rel}","templated":true}]}}