{"id":12553,"date":"2024-10-24T09:00:59","date_gmt":"2024-10-24T12:00:59","guid":{"rendered":"https:\/\/nfe.io\/blog\/?p=12553"},"modified":"2024-10-18T13:48:49","modified_gmt":"2024-10-18T16:48:49","slug":"impacto-reforma-tributaria-pmes","status":"publish","type":"post","link":"https:\/\/nfe.io\/blog\/gestao-empresarial\/impacto-reforma-tributaria-pmes\/","title":{"rendered":"Impacto da reforma tribut\u00e1ria para PMEs: quais as mudan\u00e7as?"},"content":{"rendered":"<p><span style=\"font-weight: 400;\">Diante de um regime tribut\u00e1rio complexo, muito burocr\u00e1tico e com altas cargas de impostos, o <\/span><b>impacto da reforma tribut\u00e1ria para PMEs<\/b><span style=\"font-weight: 400;\"> (pequenas e m\u00e9dias empresas) ser\u00e1 significativo. O<\/span><b> setor representa 30% do PIB nacional<\/b><span style=\"font-weight: 400;\">, conforme os \u00faltimos dados do <\/span><a href=\"https:\/\/agenciasebrae.com.br\/dados\/pequenos-negocios-aceleram-emprego-e-pib-no-pais\/\" target=\"_blank\" rel=\"noopener\"><span style=\"font-weight: 400;\">Servi\u00e7o Brasileiro de Apoio \u00e0s Micro e Pequenas Empresas (Sebrae)<\/span><\/a><span style=\"font-weight: 400;\">.<\/span><\/p>\n<p><span style=\"font-weight: 400;\">Assim, todo empreendimento que se enquadre como PME deve se adaptar \u00e0s futuras mudan\u00e7as e ter um bom planejamento tribut\u00e1rio; afinal, entre pr\u00f3s e contras, a Reforma j\u00e1 \u00e9 uma realidade<\/span><\/p>\n<p><span style=\"font-weight: 400;\">E, quais s\u00e3o essas transforma\u00e7\u00f5es e como preparar o seu neg\u00f3cio? Para responder a essas e outras perguntas, preparamos este conte\u00fado!\u00a0<\/span><\/p>\n<p><span style=\"font-weight: 400;\">Aqui, voc\u00ea aprende quais as principais mudan\u00e7as da Reforma Tribut\u00e1ria, al\u00e9m de receber dicas \u00fateis para que sua empresa n\u00e3o se perca em meio ao renovado sistema tribut\u00e1rio do Brasil.\u00a0<\/span><\/p>\n<p><span style=\"font-weight: 400;\">Vamos l\u00e1?<\/span><\/p>\n<h2><span style=\"font-weight: 400;\">Principais mudan\u00e7as da reforma tribut\u00e1ria<\/span><\/h2>\n<p><span style=\"font-weight: 400;\">A Reforma Tribut\u00e1ria tem o objetivo de simplificar o sistema de tributos e unificar os principais impostos sobre o consumo.\u00a0<\/span><\/p>\n<p><a href=\"https:\/\/agenciabrasil.ebc.com.br\/politica\/noticia\/2024-07\/camara-aprova-texto-base-da-reforma-tributaria-com-trava-no-iva\" target=\"_blank\" rel=\"noopener\"><span style=\"font-weight: 400;\">Seu texto-base<\/span><\/a><span style=\"font-weight: 400;\">, que detalha todas as mudan\u00e7as, foi aprovado pela C\u00e2mara dos Deputados em julho de 2024 e ser\u00e1 encaminhado para a avalia\u00e7\u00e3o do Senado. Veja a seguir quais tributos passam por mudan\u00e7as.<\/span><\/p>\n<ol>\n<li style=\"font-weight: 400;\" aria-level=\"1\"><span style=\"font-weight: 400;\">Contribui\u00e7\u00e3o para Financiamento da Seguridade Social (Confins);<\/span><\/li>\n<li style=\"font-weight: 400;\" aria-level=\"1\"><span style=\"font-weight: 400;\">Programa de Integra\u00e7\u00e3o Social (PIS);<\/span><\/li>\n<li style=\"font-weight: 400;\" aria-level=\"1\"><span style=\"font-weight: 400;\">Imposto sobre Produtos Industrializados (IPI);<\/span><\/li>\n<li style=\"font-weight: 400;\" aria-level=\"1\"><a href=\"https:\/\/nfe.io\/blog\/gestao-empresarial\/o-que-e-icms-2\/\"><span style=\"font-weight: 400;\">Imposto sobre Circula\u00e7\u00e3o de Mercadorias e Servi\u00e7os (ICMS)<\/span><\/a><span style=\"font-weight: 400;\">;<\/span><\/li>\n<li style=\"font-weight: 400;\" aria-level=\"1\"><span style=\"font-weight: 400;\">Imposto sobre Servi\u00e7os de Qualquer Natureza (ISS).<\/span><\/li>\n<\/ol>\n<p><span style=\"font-weight: 400;\">Os cinco tributos ser\u00e3o reunidos no Imposto Sobre Valor Agregado (IVA). <\/span><a href=\"https:\/\/www.anfip.org.br\/wp-content\/uploads\/2023\/05\/RT-IVA-PESQUISA-UTUMI-2023.pdf\" target=\"_blank\" rel=\"noopener\"><span style=\"font-weight: 400;\">Um estudo<\/span><\/a><span style=\"font-weight: 400;\"> da Utumi Advogados, afirma que esse sistema \u00e9 utilizado por mais de 170 pa\u00edses ao redor do globo.\u00a0\u00a0<\/span><\/p>\n<h3><span style=\"font-weight: 400;\">Imposto sobre valor agregado (IVA)<\/span><\/h3>\n<p><span style=\"font-weight: 400;\">O IVA ser\u00e1 dividido em dois novos tributos: a Contribui\u00e7\u00e3o sobre Bens e Servi\u00e7os (CBS) e o Imposto sobre Bens e Servi\u00e7os (IBS), com uma al\u00edquota travada em 26,5%.<\/span><\/p>\n<h3><span style=\"font-weight: 400;\">Imposto sobre bens e servi\u00e7os (IBS)<\/span><\/h3>\n<p><span style=\"font-weight: 400;\">Esse imposto substitui os impostos estaduais (ICMS) e municipais (ISS) gradualmente at\u00e9 2033. Sua al\u00edquota, estimada em 17,7%, \u00e9 a soma das taxas estaduais e municipais que incidem sobre bens e servi\u00e7os.<\/span><\/p>\n<h3><span style=\"font-weight: 400;\">Contribui\u00e7\u00e3o sobre bens e servi\u00e7os (CBS)<\/span><\/h3>\n<p><span style=\"font-weight: 400;\">J\u00e1 os impostos federais PIS, Cofins e IPI ser\u00e3o unificados na Contribui\u00e7\u00e3o sobre Bens e Servi\u00e7os (CBS), com uma al\u00edquota estimada em 8,8%. A implementa\u00e7\u00e3o completa est\u00e1 prevista para 2027, ap\u00f3s um per\u00edodo de teste em 2026.<\/span><\/p>\n<h3><span style=\"font-weight: 400;\">Imposto seletivo<\/span><\/h3>\n<p><span style=\"font-weight: 400;\">O Imposto Seletivo (IS) incidir\u00e1 sobre a produ\u00e7\u00e3o, a comercializa\u00e7\u00e3o ou a <\/span><a href=\"https:\/\/nfe.io\/blog\/nota-fiscal\/como-emitir-nota-fiscal-produtos-importados\/\"><span style=\"font-weight: 400;\">importa\u00e7\u00e3o de produtos<\/span><\/a><span style=\"font-weight: 400;\"> considerados prejudiciais \u00e0 sa\u00fade ou ao meio ambiente. Alguns exemplos desses produtos s\u00e3o:\u00a0<\/span><\/p>\n<ul>\n<li style=\"font-weight: 400;\" aria-level=\"1\"><span style=\"font-weight: 400;\">cigarros;<\/span><\/li>\n<li style=\"font-weight: 400;\" aria-level=\"1\"><span style=\"font-weight: 400;\">bebidas alco\u00f3licas;<\/span><\/li>\n<li style=\"font-weight: 400;\" aria-level=\"1\"><span style=\"font-weight: 400;\">bebidas a\u00e7ucaradas;<\/span><\/li>\n<li style=\"font-weight: 400;\" aria-level=\"1\"><span style=\"font-weight: 400;\">apostas f\u00edsicas e on-line;<\/span><\/li>\n<li style=\"font-weight: 400;\" aria-level=\"1\"><span style=\"font-weight: 400;\">carros, inclusive os el\u00e9tricos.<\/span><\/li>\n<\/ul>\n<p><span style=\"font-weight: 400;\">A ado\u00e7\u00e3o do novo imposto visa desestimular o consumo desses produtos, ao mesmo tempo em que compensa os gastos p\u00fablicos gerados por eles. No cronograma da reforma, o IS tamb\u00e9m ser\u00e1 cobrado em 2027.\u00a0<\/span><\/p>\n<p><span style=\"font-weight: 400;\">Ent\u00e3o, a partir dessas mudan\u00e7as, qual o impacto da Reforma Tribut\u00e1ria para PMEs?<\/span><\/p>\n<h2><span style=\"font-weight: 400;\">Qual o impacto da reforma tribut\u00e1ria para PMEs?<\/span><\/h2>\n<p><span style=\"font-weight: 400;\">O impacto da reforma tribut\u00e1ria para as PMEs \u2014 consideradas o cora\u00e7\u00e3o da economia brasileira \u2014, traz diversas consequ\u00eancias, tanto positivas quanto negativas.\u00a0<\/span><\/p>\n<p><span style=\"font-weight: 400;\">A simplifica\u00e7\u00e3o dos impostos pode reduzir a burocracia e estimular o crescimento e a competitividade. No entanto, a adapta\u00e7\u00e3o \u00e0s novas regras fiscais exige cuidado e planejamento, pois a transi\u00e7\u00e3o pode trazer desafios.\u00a0<\/span><\/p>\n<p><span style=\"font-weight: 400;\">Portanto, \u00e9 fundamental que os gestores se preparem. A seguir, confira mais detalhes dos principais impactos para as pequenas e m\u00e9dias empresas.<\/span><\/p>\n<h3><span style=\"font-weight: 400;\">Pontos positivos<\/span><\/h3>\n<p><b>Simplifica\u00e7\u00e3o do sistema fiscal:<\/b><span style=\"font-weight: 400;\"> a reforma promete reduzir a burocracia e facilitar a gest\u00e3o tribut\u00e1ria, especialmente com a implementa\u00e7\u00e3o do IVA Dual.<\/span><\/p>\n<p><b>Redu\u00e7\u00e3o de custos:<\/b><span style=\"font-weight: 400;\"> a diminui\u00e7\u00e3o dos custos cont\u00e1beis pode liberar capital para investimentos, crescimento e competitividade das PMEs.<\/span><\/p>\n<p><b>Escolha na apura\u00e7\u00e3o de impostos:<\/b><span style=\"font-weight: 400;\"> empresas do Simples Nacional e MEIs poder\u00e3o optar por como apurar e recolher os novos impostos (CBS e IBS), o que evita o &#8220;efeito cascata&#8221;.<\/span><\/p>\n<p><b>Aplica\u00e7\u00e3o do cr\u00e9dito financeiro:<\/b><span style=\"font-weight: 400;\"> o novo sistema permitir\u00e1 que as empresas utilizem seus cr\u00e9ditos integralmente, de forma a ter mais recursos para investimento e gera\u00e7\u00e3o de empregos.<\/span><\/p>\n<p><b>Est\u00edmulo ao empreendedorismo:<\/b><span style=\"font-weight: 400;\"> um ambiente fiscal mais simples e menos oneroso pode tornar a formaliza\u00e7\u00e3o de empresas mais atrativa, o que impulsiona a cria\u00e7\u00e3o de empregos e diversifica\u00e7\u00e3o do mercado.<\/span><\/p>\n<h3><span style=\"font-weight: 400;\">Pontos negativos<\/span><\/h3>\n<p><b>Desafios na adapta\u00e7\u00e3o:<\/b><span style=\"font-weight: 400;\"> a transi\u00e7\u00e3o para as novas regras fiscais requer cuidado e planejamento, o que pode ser desafiador para muitas empresas.<\/span><\/p>\n<p><b>Necessidade de ajustes nos sistemas:<\/b><span style=\"font-weight: 400;\"> as PMEs precisar\u00e3o atualizar seus sistemas de gest\u00e3o e contabilidade, o que pode acarretar custos adicionais.<\/span><\/p>\n<p><b>Treinamento de funcion\u00e1rios:<\/b><span style=\"font-weight: 400;\"> a adapta\u00e7\u00e3o \u00e0s novas regras exigir\u00e1 treinamento, o que representa um investimento de tempo e recursos.<\/span><\/p>\n<p><b>Custos de transi\u00e7\u00e3o:<\/b><span style=\"font-weight: 400;\"> as mudan\u00e7as podem resultar em custos significativos, especialmente para empresas de menor porte, que podem ter menos recursos para lidar com essas adapta\u00e7\u00f5es.<\/span><\/p>\n<h2><span style=\"font-weight: 400;\">Como se preparar para a reforma tribut\u00e1ria?<\/span><\/h2>\n<p><span style=\"font-weight: 400;\">Cada empresa \u00e9 \u00fanica, com adapta\u00e7\u00f5es e necessidades diferentes. Por\u00e9m, em fun\u00e7\u00e3o do impacto da Reforma Tribut\u00e1ria para PMEs, \u00e9 preciso cumprir algumas etapas em comum.\u00a0<\/span><\/p>\n<p><span style=\"font-weight: 400;\">Veja a seguir quais as melhores a\u00e7\u00f5es para se preparar para a reforma tribut\u00e1ria, e, assim, minimizar custos de transi\u00e7\u00e3o e aproveitar as oportunidades ofertadas.<\/span><\/p>\n<h3><span style=\"font-weight: 400;\">Mantenha-se informado e avalie o que mudar<\/span><\/h3>\n<p><span style=\"font-weight: 400;\">Atente-se sobre as atualiza\u00e7\u00f5es do texto da Reforma e entenda as novas al\u00edquotas e regras fiscais. Dessa forma, \u00e9 mais f\u00e1cil avaliar como as mudan\u00e7as afetar\u00e3o seu neg\u00f3cio e o que ser\u00e1 reestruturado.\u00a0<\/span><\/p>\n<h3><span style=\"font-weight: 400;\">Invista em sua equipe<\/span><\/h3>\n<p><span style=\"font-weight: 400;\">Garanta que todos os funcion\u00e1rios envolvidos na gest\u00e3o financeira e cont\u00e1bil estejam cientes das mudan\u00e7as e saibam como aplic\u00e1-las.<\/span><\/p>\n<h3><span style=\"font-weight: 400;\">Prepare seus sistemas de gest\u00e3o<\/span><\/h3>\n<p><span style=\"font-weight: 400;\">Verifique se os sistemas de gest\u00e3o empresarial (ERP) est\u00e3o preparados para lidar com as novas regras. O processo pode envolver atualiza\u00e7\u00f5es ou a ado\u00e7\u00e3o de novos softwares.<\/span><\/p>\n<h3><span style=\"font-weight: 400;\">Planeje suas finan\u00e7as<\/span><\/h3>\n<p><span style=\"font-weight: 400;\">Com base na reestrutura\u00e7\u00e3o das regras fiscais, \u00e9 interessante que voc\u00ea <\/span><a href=\"https:\/\/nfe.io\/blog\/financeiro\/montar-planejamento-financeiro\/\"><span style=\"font-weight: 400;\">planeje as finan\u00e7as<\/span><\/a><span style=\"font-weight: 400;\"> e opera\u00e7\u00f5es da sua empresa. Al\u00e9m disso, simule diferentes cen\u00e1rios fiscais para entender os poss\u00edveis impactos financeiros e tomar decis\u00f5es mais informadas.<\/span><\/p>\n<h3><span style=\"font-weight: 400;\">Revise seus processos fiscais<\/span><\/h3>\n<p><span style=\"font-weight: 400;\">Revise e, se necess\u00e1rio, ajuste os processos fiscais internos para garantir conformidade e efici\u00eancia na nova estrutura tribut\u00e1ria. Explore estrat\u00e9gias para reduzir a carga tribut\u00e1ria da sua empresa, como softwares de automa\u00e7\u00e3o fiscal.<\/span><\/p>\n<h2><span style=\"font-weight: 400;\">Quais os benef\u00edcios da automa\u00e7\u00e3o fiscal para o planejamento tribut\u00e1rio de PMEs?<\/span><\/h2>\n<p><span style=\"font-weight: 400;\">A automa\u00e7\u00e3o fiscal pode ser uma ferramenta poderosa para as PMEs se adaptarem \u00e0s novas regras, afinal, possibilita o aumento da efici\u00eancia operacional, reduz erros, entre outros benef\u00edcios.\u00a0<\/span><\/p>\n<p><span style=\"font-weight: 400;\">Veja a seguir 5 dos principais benef\u00edcios da automa\u00e7\u00e3o.<\/span><\/p>\n<h3><span style=\"font-weight: 400;\">1. Implementa\u00e7\u00e3o de sistemas de gest\u00e3o fiscal<\/span><\/h3>\n<p><span style=\"font-weight: 400;\">Softwares de gest\u00e3o fiscal que automatizam o c\u00e1lculo e o pagamento de impostos. Esses sistemas podem se adaptar \u00e0s novas regras tribut\u00e1rias e garantir que sua empresa esteja sempre em conformidade com a legisla\u00e7\u00e3o.<\/span><\/p>\n<h3><span style=\"font-weight: 400;\">2. Integra\u00e7\u00e3o com ERPs<\/span><\/h3>\n<p><span style=\"font-weight: 400;\">Um software de automa\u00e7\u00e3o fiscal pode se integrar ao seu ERP (Enterprise Resource Planning). O processo permite uma gest\u00e3o mais eficiente dos dados financeiros e fiscais, o que facilita a gera\u00e7\u00e3o de relat\u00f3rios e a an\u00e1lise de impacto das mudan\u00e7as tribut\u00e1rias.<\/span><\/p>\n<h3><span style=\"font-weight: 400;\">3. Monitoramento cont\u00ednuo<\/span><\/h3>\n<p><span style=\"font-weight: 400;\">Ferramentas de monitoramento fiscal facilitam o acompanhamento das atualiza\u00e7\u00f5es na legisla\u00e7\u00e3o em tempo real, o que o ajuda a garantir que sua empresa esteja sempre atualizada e pronta para implementar as mudan\u00e7as necess\u00e1rias de forma r\u00e1pida e eficiente.<\/span><\/p>\n<h3><span style=\"font-weight: 400;\">4. An\u00e1lise de dados fiscais<\/span><\/h3>\n<p><span style=\"font-weight: 400;\">Ferramentas de <\/span><a href=\"https:\/\/nfe.io\/blog\/gestao-empresarial\/importancia-analise-de-dados\/\"><span style=\"font-weight: 400;\">an\u00e1lise de dados<\/span><\/a><span style=\"font-weight: 400;\"> mapeiam os impostos pagos atualmente e identificam quais ter\u00e3o impactos da reforma. Assim, sua empresa tem um planejamento mais preciso, com ado\u00e7\u00e3o de estrat\u00e9gias para minimizar os impactos negativos.<\/span><\/p>\n<h3><span style=\"font-weight: 400;\">5. Consultoria especializada<\/span><\/h3>\n<p><span style=\"font-weight: 400;\">Considere contratar consultorias especializadas em automa\u00e7\u00e3o fiscal e reforma tribut\u00e1ria. Esses profissionais auxiliam na configura\u00e7\u00e3o de sistemas e na otimiza\u00e7\u00e3o de processos, o que garante que sua empresa esteja totalmente preparada para as mudan\u00e7as.<\/span><\/p>\n<p><span style=\"font-weight: 400;\">Se interessou por essa ferramenta de gest\u00e3o? Ent\u00e3o descubra como as solu\u00e7\u00f5es de automa\u00e7\u00e3o fiscal da <\/span><a href=\"http:\/\/nfe.io\"><span style=\"font-weight: 400;\">NFe.io<\/span><\/a><span style=\"font-weight: 400;\"> podem transformar a gest\u00e3o tribut\u00e1ria da sua PME!\u00a0<\/span><\/p>\n<p><a href=\"https:\/\/nfe.io\/contato\/\"><span style=\"font-weight: 400;\">Agende agora uma consulta gratuita<\/span><\/a><span style=\"font-weight: 400;\"> e veja como podemos personalizar nossas ferramentas para atender \u00e0s suas necessidades espec\u00edficas, simplificar processos e garantir conformidade fiscal.\u00a0<\/span><\/p>\n<p><span style=\"font-weight: 400;\">N\u00e3o perca essa oportunidade de otimizar seu neg\u00f3cio!<\/span><\/p>\n","protected":false},"excerpt":{"rendered":"<p>Diante de um regime tribut\u00e1rio complexo, muito burocr\u00e1tico e com altas cargas de impostos, o impacto da reforma tribut\u00e1ria para PMEs (pequenas e&#8230;<\/p>\n","protected":false},"author":23,"featured_media":12555,"comment_status":"open","ping_status":"closed","sticky":false,"template":"","format":"standard","meta":{"_acf_changed":false,"footnotes":""},"categories":[7],"tags":[],"class_list":["post-12553","post","type-post","status-publish","format-standard","has-post-thumbnail","hentry","category-gestao-empresarial"],"acf":[],"yoast_head":"<!-- This site is optimized with the Yoast SEO plugin v25.1 - https:\/\/yoast.com\/wordpress\/plugins\/seo\/ -->\n<title>Impacto da reforma tribut\u00e1ria para PMEs: vantagens + dicas<\/title>\n<meta name=\"description\" content=\"Quais as vantagens do impacto da reforma tribut\u00e1ria para PMEs? Confira dicas de como se preparar da melhor maneira!\" \/>\n<meta name=\"robots\" content=\"index, follow, max-snippet:-1, max-image-preview:large, max-video-preview:-1\" \/>\n<link rel=\"canonical\" href=\"https:\/\/nfe.io\/blog\/gestao-empresarial\/impacto-reforma-tributaria-pmes\/\" \/>\n<meta property=\"og:locale\" content=\"en_US\" \/>\n<meta property=\"og:type\" content=\"article\" \/>\n<meta property=\"og:title\" content=\"Impacto da reforma tribut\u00e1ria para PMEs: vantagens + dicas\" \/>\n<meta property=\"og:description\" content=\"Quais as vantagens do impacto da reforma tribut\u00e1ria para PMEs? Confira dicas de como se preparar da melhor maneira!\" \/>\n<meta property=\"og:url\" content=\"https:\/\/nfe.io\/blog\/gestao-empresarial\/impacto-reforma-tributaria-pmes\/\" \/>\n<meta property=\"og:site_name\" content=\"NFE.io Blog\" \/>\n<meta property=\"article:publisher\" content=\"https:\/\/www.facebook.com\/nfe.io\" \/>\n<meta property=\"article:author\" content=\"https:\/\/www.facebook.com\/francisco.j.felinto\/\" \/>\n<meta property=\"article:published_time\" content=\"2024-10-24T12:00:59+00:00\" \/>\n<meta property=\"og:image\" content=\"https:\/\/nfe.io\/blog\/app\/uploads\/2024\/10\/impacto-da-reforma-tributaria-para-pmes.webp\" \/>\n\t<meta property=\"og:image:width\" content=\"1200\" \/>\n\t<meta property=\"og:image:height\" content=\"675\" \/>\n\t<meta property=\"og:image:type\" content=\"image\/webp\" \/>\n<meta name=\"author\" content=\"Francisco Felinto\" \/>\n<meta name=\"twitter:card\" content=\"summary_large_image\" \/>\n<meta name=\"twitter:creator\" content=\"@nfe_io\" \/>\n<meta name=\"twitter:site\" content=\"@nfe_io\" \/>\n<meta name=\"twitter:label1\" content=\"Written by\" \/>\n\t<meta name=\"twitter:data1\" content=\"Francisco Felinto\" \/>\n\t<meta name=\"twitter:label2\" content=\"Est. reading time\" \/>\n\t<meta name=\"twitter:data2\" content=\"6 minutes\" \/>\n<script type=\"application\/ld+json\" class=\"yoast-schema-graph\">{\"@context\":\"https:\/\/schema.org\",\"@graph\":[{\"@type\":\"Article\",\"@id\":\"https:\/\/nfe.io\/blog\/gestao-empresarial\/impacto-reforma-tributaria-pmes\/#article\",\"isPartOf\":{\"@id\":\"https:\/\/nfe.io\/blog\/gestao-empresarial\/impacto-reforma-tributaria-pmes\/\"},\"author\":{\"name\":\"Francisco Felinto\",\"@id\":\"https:\/\/nfe.io\/blog\/#\/schema\/person\/13cbdfb2ce15a806dcd3c2fffa2cf921\"},\"headline\":\"Impacto da reforma tribut\u00e1ria para PMEs: quais as mudan\u00e7as?\",\"datePublished\":\"2024-10-24T12:00:59+00:00\",\"mainEntityOfPage\":{\"@id\":\"https:\/\/nfe.io\/blog\/gestao-empresarial\/impacto-reforma-tributaria-pmes\/\"},\"wordCount\":1468,\"commentCount\":0,\"publisher\":{\"@id\":\"https:\/\/nfe.io\/blog\/#organization\"},\"image\":{\"@id\":\"https:\/\/nfe.io\/blog\/gestao-empresarial\/impacto-reforma-tributaria-pmes\/#primaryimage\"},\"thumbnailUrl\":\"https:\/\/nfe.io\/blog\/app\/uploads\/2024\/10\/impacto-da-reforma-tributaria-para-pmes.webp\",\"articleSection\":[\"Gest\u00e3o Empresarial\"],\"inLanguage\":\"en-US\",\"potentialAction\":[{\"@type\":\"CommentAction\",\"name\":\"Comment\",\"target\":[\"https:\/\/nfe.io\/blog\/gestao-empresarial\/impacto-reforma-tributaria-pmes\/#respond\"]}]},{\"@type\":\"WebPage\",\"@id\":\"https:\/\/nfe.io\/blog\/gestao-empresarial\/impacto-reforma-tributaria-pmes\/\",\"url\":\"https:\/\/nfe.io\/blog\/gestao-empresarial\/impacto-reforma-tributaria-pmes\/\",\"name\":\"Impacto da reforma tribut\u00e1ria para PMEs: vantagens + dicas\",\"isPartOf\":{\"@id\":\"https:\/\/nfe.io\/blog\/#website\"},\"primaryImageOfPage\":{\"@id\":\"https:\/\/nfe.io\/blog\/gestao-empresarial\/impacto-reforma-tributaria-pmes\/#primaryimage\"},\"image\":{\"@id\":\"https:\/\/nfe.io\/blog\/gestao-empresarial\/impacto-reforma-tributaria-pmes\/#primaryimage\"},\"thumbnailUrl\":\"https:\/\/nfe.io\/blog\/app\/uploads\/2024\/10\/impacto-da-reforma-tributaria-para-pmes.webp\",\"datePublished\":\"2024-10-24T12:00:59+00:00\",\"description\":\"Quais as vantagens do impacto da reforma tribut\u00e1ria para PMEs? Confira dicas de como se preparar da melhor maneira!\",\"breadcrumb\":{\"@id\":\"https:\/\/nfe.io\/blog\/gestao-empresarial\/impacto-reforma-tributaria-pmes\/#breadcrumb\"},\"inLanguage\":\"en-US\",\"potentialAction\":[{\"@type\":\"ReadAction\",\"target\":[\"https:\/\/nfe.io\/blog\/gestao-empresarial\/impacto-reforma-tributaria-pmes\/\"]}]},{\"@type\":\"ImageObject\",\"inLanguage\":\"en-US\",\"@id\":\"https:\/\/nfe.io\/blog\/gestao-empresarial\/impacto-reforma-tributaria-pmes\/#primaryimage\",\"url\":\"https:\/\/nfe.io\/blog\/app\/uploads\/2024\/10\/impacto-da-reforma-tributaria-para-pmes.webp\",\"contentUrl\":\"https:\/\/nfe.io\/blog\/app\/uploads\/2024\/10\/impacto-da-reforma-tributaria-para-pmes.webp\",\"width\":1200,\"height\":675,\"caption\":\"impacto da reforma tribut\u00e1ria para pmes\"},{\"@type\":\"BreadcrumbList\",\"@id\":\"https:\/\/nfe.io\/blog\/gestao-empresarial\/impacto-reforma-tributaria-pmes\/#breadcrumb\",\"itemListElement\":[{\"@type\":\"ListItem\",\"position\":1,\"name\":\"Home\",\"item\":\"https:\/\/nfe.io\/blog\/\"},{\"@type\":\"ListItem\",\"position\":2,\"name\":\"Impacto da reforma tribut\u00e1ria para PMEs: quais as mudan\u00e7as?\"}]},{\"@type\":\"WebSite\",\"@id\":\"https:\/\/nfe.io\/blog\/#website\",\"url\":\"https:\/\/nfe.io\/blog\/\",\"name\":\"NFE.io Blog\",\"description\":\"Automatize Suas Obriga\u00e7\u00f5es Fiscais com Efici\u00eancia\",\"publisher\":{\"@id\":\"https:\/\/nfe.io\/blog\/#organization\"},\"alternateName\":\"NFE.io\",\"potentialAction\":[{\"@type\":\"SearchAction\",\"target\":{\"@type\":\"EntryPoint\",\"urlTemplate\":\"https:\/\/nfe.io\/blog\/?s={search_term_string}\"},\"query-input\":{\"@type\":\"PropertyValueSpecification\",\"valueRequired\":true,\"valueName\":\"search_term_string\"}}],\"inLanguage\":\"en-US\"},{\"@type\":\"Organization\",\"@id\":\"https:\/\/nfe.io\/blog\/#organization\",\"name\":\"NFE io\",\"alternateName\":\"NFE\",\"url\":\"https:\/\/nfe.io\/blog\/\",\"logo\":{\"@type\":\"ImageObject\",\"inLanguage\":\"en-US\",\"@id\":\"https:\/\/nfe.io\/blog\/#\/schema\/logo\/image\/\",\"url\":\"https:\/\/nfe.io\/blog\/app\/uploads\/2020\/06\/logofooter.png\",\"contentUrl\":\"https:\/\/nfe.io\/blog\/app\/uploads\/2020\/06\/logofooter.png\",\"width\":143,\"height\":41,\"caption\":\"NFE io\"},\"image\":{\"@id\":\"https:\/\/nfe.io\/blog\/#\/schema\/logo\/image\/\"},\"sameAs\":[\"https:\/\/www.facebook.com\/nfe.io\",\"https:\/\/x.com\/nfe_io\",\"https:\/\/github.com\/nfe\",\"https:\/\/www.linkedin.com\/company\/10407705\/\",\"https:\/\/www.youtube.com\/channel\/UCB1PFw8rxeIN64k_t5FWEAQ\",\"https:\/\/www.instagram.com\/nfe.io\/\"]},{\"@type\":\"Person\",\"@id\":\"https:\/\/nfe.io\/blog\/#\/schema\/person\/13cbdfb2ce15a806dcd3c2fffa2cf921\",\"name\":\"Francisco Felinto\",\"image\":{\"@type\":\"ImageObject\",\"inLanguage\":\"en-US\",\"@id\":\"https:\/\/nfe.io\/blog\/#\/schema\/person\/image\/\",\"url\":\"https:\/\/secure.gravatar.com\/avatar\/be0f81adb0794281ac9b3ffc87137ad2bf518c3d8bc98e1fbc6526bfc850433d?s=96&d=wp_user_avatar&r=g\",\"contentUrl\":\"https:\/\/secure.gravatar.com\/avatar\/be0f81adb0794281ac9b3ffc87137ad2bf518c3d8bc98e1fbc6526bfc850433d?s=96&d=wp_user_avatar&r=g\",\"caption\":\"Francisco Felinto\"},\"description\":\"S\u00f3cio e CLO - Chief Learning Officer na NFE.io, Mestre em Tecnologia da Informa\u00e7\u00e3o Aplicada, MBI em Gest\u00e3o da Informa\u00e7\u00e3o e Especializa\u00e7\u00e3o em Gest\u00e3o de Projeto integrado ao PMI. Ex Diretor da Fatec Osasco (2018-22), Serasa Experian, Elo Group com projetos na B3, Alelo, Aes Eletropaulo. Fundador das Descodificadas e vice-presidente do Instituto Arte das Na\u00e7\u00f5es.\",\"sameAs\":[\"https:\/\/www.facebook.com\/francisco.j.felinto\/\",\"https:\/\/www.instagram.com\/francisco.felinto.jr\/\",\"https:\/\/www.linkedin.com\/in\/franciscofelinto\/\"],\"url\":\"https:\/\/nfe.io\/blog\/author\/francisco\/\"}]}<\/script>\n<!-- \/ Yoast SEO plugin. -->","yoast_head_json":{"title":"Impacto da reforma tribut\u00e1ria para PMEs: vantagens + dicas","description":"Quais as vantagens do impacto da reforma tribut\u00e1ria para PMEs? Confira dicas de como se preparar da melhor maneira!","robots":{"index":"index","follow":"follow","max-snippet":"max-snippet:-1","max-image-preview":"max-image-preview:large","max-video-preview":"max-video-preview:-1"},"canonical":"https:\/\/nfe.io\/blog\/gestao-empresarial\/impacto-reforma-tributaria-pmes\/","og_locale":"en_US","og_type":"article","og_title":"Impacto da reforma tribut\u00e1ria para PMEs: vantagens + dicas","og_description":"Quais as vantagens do impacto da reforma tribut\u00e1ria para PMEs? Confira dicas de como se preparar da melhor maneira!","og_url":"https:\/\/nfe.io\/blog\/gestao-empresarial\/impacto-reforma-tributaria-pmes\/","og_site_name":"NFE.io Blog","article_publisher":"https:\/\/www.facebook.com\/nfe.io","article_author":"https:\/\/www.facebook.com\/francisco.j.felinto\/","article_published_time":"2024-10-24T12:00:59+00:00","og_image":[{"width":1200,"height":675,"url":"https:\/\/nfe.io\/blog\/app\/uploads\/2024\/10\/impacto-da-reforma-tributaria-para-pmes.webp","type":"image\/webp"}],"author":"Francisco Felinto","twitter_card":"summary_large_image","twitter_creator":"@nfe_io","twitter_site":"@nfe_io","twitter_misc":{"Written by":"Francisco Felinto","Est. reading time":"6 minutes"},"schema":{"@context":"https:\/\/schema.org","@graph":[{"@type":"Article","@id":"https:\/\/nfe.io\/blog\/gestao-empresarial\/impacto-reforma-tributaria-pmes\/#article","isPartOf":{"@id":"https:\/\/nfe.io\/blog\/gestao-empresarial\/impacto-reforma-tributaria-pmes\/"},"author":{"name":"Francisco Felinto","@id":"https:\/\/nfe.io\/blog\/#\/schema\/person\/13cbdfb2ce15a806dcd3c2fffa2cf921"},"headline":"Impacto da reforma tribut\u00e1ria para PMEs: quais as mudan\u00e7as?","datePublished":"2024-10-24T12:00:59+00:00","mainEntityOfPage":{"@id":"https:\/\/nfe.io\/blog\/gestao-empresarial\/impacto-reforma-tributaria-pmes\/"},"wordCount":1468,"commentCount":0,"publisher":{"@id":"https:\/\/nfe.io\/blog\/#organization"},"image":{"@id":"https:\/\/nfe.io\/blog\/gestao-empresarial\/impacto-reforma-tributaria-pmes\/#primaryimage"},"thumbnailUrl":"https:\/\/nfe.io\/blog\/app\/uploads\/2024\/10\/impacto-da-reforma-tributaria-para-pmes.webp","articleSection":["Gest\u00e3o Empresarial"],"inLanguage":"en-US","potentialAction":[{"@type":"CommentAction","name":"Comment","target":["https:\/\/nfe.io\/blog\/gestao-empresarial\/impacto-reforma-tributaria-pmes\/#respond"]}]},{"@type":"WebPage","@id":"https:\/\/nfe.io\/blog\/gestao-empresarial\/impacto-reforma-tributaria-pmes\/","url":"https:\/\/nfe.io\/blog\/gestao-empresarial\/impacto-reforma-tributaria-pmes\/","name":"Impacto da reforma tribut\u00e1ria para PMEs: vantagens + dicas","isPartOf":{"@id":"https:\/\/nfe.io\/blog\/#website"},"primaryImageOfPage":{"@id":"https:\/\/nfe.io\/blog\/gestao-empresarial\/impacto-reforma-tributaria-pmes\/#primaryimage"},"image":{"@id":"https:\/\/nfe.io\/blog\/gestao-empresarial\/impacto-reforma-tributaria-pmes\/#primaryimage"},"thumbnailUrl":"https:\/\/nfe.io\/blog\/app\/uploads\/2024\/10\/impacto-da-reforma-tributaria-para-pmes.webp","datePublished":"2024-10-24T12:00:59+00:00","description":"Quais as vantagens do impacto da reforma tribut\u00e1ria para PMEs? Confira dicas de como se preparar da melhor maneira!","breadcrumb":{"@id":"https:\/\/nfe.io\/blog\/gestao-empresarial\/impacto-reforma-tributaria-pmes\/#breadcrumb"},"inLanguage":"en-US","potentialAction":[{"@type":"ReadAction","target":["https:\/\/nfe.io\/blog\/gestao-empresarial\/impacto-reforma-tributaria-pmes\/"]}]},{"@type":"ImageObject","inLanguage":"en-US","@id":"https:\/\/nfe.io\/blog\/gestao-empresarial\/impacto-reforma-tributaria-pmes\/#primaryimage","url":"https:\/\/nfe.io\/blog\/app\/uploads\/2024\/10\/impacto-da-reforma-tributaria-para-pmes.webp","contentUrl":"https:\/\/nfe.io\/blog\/app\/uploads\/2024\/10\/impacto-da-reforma-tributaria-para-pmes.webp","width":1200,"height":675,"caption":"impacto da reforma tribut\u00e1ria para pmes"},{"@type":"BreadcrumbList","@id":"https:\/\/nfe.io\/blog\/gestao-empresarial\/impacto-reforma-tributaria-pmes\/#breadcrumb","itemListElement":[{"@type":"ListItem","position":1,"name":"Home","item":"https:\/\/nfe.io\/blog\/"},{"@type":"ListItem","position":2,"name":"Impacto da reforma tribut\u00e1ria para PMEs: quais as mudan\u00e7as?"}]},{"@type":"WebSite","@id":"https:\/\/nfe.io\/blog\/#website","url":"https:\/\/nfe.io\/blog\/","name":"NFE.io Blog","description":"Automatize Suas Obriga\u00e7\u00f5es Fiscais com Efici\u00eancia","publisher":{"@id":"https:\/\/nfe.io\/blog\/#organization"},"alternateName":"NFE.io","potentialAction":[{"@type":"SearchAction","target":{"@type":"EntryPoint","urlTemplate":"https:\/\/nfe.io\/blog\/?s={search_term_string}"},"query-input":{"@type":"PropertyValueSpecification","valueRequired":true,"valueName":"search_term_string"}}],"inLanguage":"en-US"},{"@type":"Organization","@id":"https:\/\/nfe.io\/blog\/#organization","name":"NFE io","alternateName":"NFE","url":"https:\/\/nfe.io\/blog\/","logo":{"@type":"ImageObject","inLanguage":"en-US","@id":"https:\/\/nfe.io\/blog\/#\/schema\/logo\/image\/","url":"https:\/\/nfe.io\/blog\/app\/uploads\/2020\/06\/logofooter.png","contentUrl":"https:\/\/nfe.io\/blog\/app\/uploads\/2020\/06\/logofooter.png","width":143,"height":41,"caption":"NFE io"},"image":{"@id":"https:\/\/nfe.io\/blog\/#\/schema\/logo\/image\/"},"sameAs":["https:\/\/www.facebook.com\/nfe.io","https:\/\/x.com\/nfe_io","https:\/\/github.com\/nfe","https:\/\/www.linkedin.com\/company\/10407705\/","https:\/\/www.youtube.com\/channel\/UCB1PFw8rxeIN64k_t5FWEAQ","https:\/\/www.instagram.com\/nfe.io\/"]},{"@type":"Person","@id":"https:\/\/nfe.io\/blog\/#\/schema\/person\/13cbdfb2ce15a806dcd3c2fffa2cf921","name":"Francisco Felinto","image":{"@type":"ImageObject","inLanguage":"en-US","@id":"https:\/\/nfe.io\/blog\/#\/schema\/person\/image\/","url":"https:\/\/secure.gravatar.com\/avatar\/be0f81adb0794281ac9b3ffc87137ad2bf518c3d8bc98e1fbc6526bfc850433d?s=96&d=wp_user_avatar&r=g","contentUrl":"https:\/\/secure.gravatar.com\/avatar\/be0f81adb0794281ac9b3ffc87137ad2bf518c3d8bc98e1fbc6526bfc850433d?s=96&d=wp_user_avatar&r=g","caption":"Francisco Felinto"},"description":"S\u00f3cio e CLO - Chief Learning Officer na NFE.io, Mestre em Tecnologia da Informa\u00e7\u00e3o Aplicada, MBI em Gest\u00e3o da Informa\u00e7\u00e3o e Especializa\u00e7\u00e3o em Gest\u00e3o de Projeto integrado ao PMI. Ex Diretor da Fatec Osasco (2018-22), Serasa Experian, Elo Group com projetos na B3, Alelo, Aes Eletropaulo. Fundador das Descodificadas e vice-presidente do Instituto Arte das Na\u00e7\u00f5es.","sameAs":["https:\/\/www.facebook.com\/francisco.j.felinto\/","https:\/\/www.instagram.com\/francisco.felinto.jr\/","https:\/\/www.linkedin.com\/in\/franciscofelinto\/"],"url":"https:\/\/nfe.io\/blog\/author\/francisco\/"}]}},"_links":{"self":[{"href":"https:\/\/nfe.io\/blog\/wp-json\/wp\/v2\/posts\/12553","targetHints":{"allow":["GET"]}}],"collection":[{"href":"https:\/\/nfe.io\/blog\/wp-json\/wp\/v2\/posts"}],"about":[{"href":"https:\/\/nfe.io\/blog\/wp-json\/wp\/v2\/types\/post"}],"author":[{"embeddable":true,"href":"https:\/\/nfe.io\/blog\/wp-json\/wp\/v2\/users\/23"}],"replies":[{"embeddable":true,"href":"https:\/\/nfe.io\/blog\/wp-json\/wp\/v2\/comments?post=12553"}],"version-history":[{"count":0,"href":"https:\/\/nfe.io\/blog\/wp-json\/wp\/v2\/posts\/12553\/revisions"}],"wp:featuredmedia":[{"embeddable":true,"href":"https:\/\/nfe.io\/blog\/wp-json\/wp\/v2\/media\/12555"}],"wp:attachment":[{"href":"https:\/\/nfe.io\/blog\/wp-json\/wp\/v2\/media?parent=12553"}],"wp:term":[{"taxonomy":"category","embeddable":true,"href":"https:\/\/nfe.io\/blog\/wp-json\/wp\/v2\/categories?post=12553"},{"taxonomy":"post_tag","embeddable":true,"href":"https:\/\/nfe.io\/blog\/wp-json\/wp\/v2\/tags?post=12553"}],"curies":[{"name":"wp","href":"https:\/\/api.w.org\/{rel}","templated":true}]}}